{"id":101028,"date":"2019-06-19T11:00:45","date_gmt":"2019-06-19T14:00:45","guid":{"rendered":"http:\/\/www.caririemacao.com\/1\/?p=101028"},"modified":"2019-06-19T11:00:45","modified_gmt":"2019-06-19T14:00:45","slug":"prefeitura-de-caraubas-garante-total-apoio-ao-resgate-das-festas-juninas-no-municipio-veja-a-programacao-completa","status":"publish","type":"post","link":"https:\/\/www.caririemacao.com\/1\/2019\/06\/19\/prefeitura-de-caraubas-garante-total-apoio-ao-resgate-das-festas-juninas-no-municipio-veja-a-programacao-completa\/","title":{"rendered":"Prefeitura de Cara\u00fabas garante total apoio ao resgate das festas juninas no munic\u00edpio; VEJA A PROGRAMA\u00c7\u00c3O COMPLETA"},"content":{"rendered":"\n<p>A Prefeitura de Cara\u00fabas, por determina\u00e7\u00e3o do prefeito Silvano Dudu, est\u00e1 resgatando o tradicional S\u00e3o Jo\u00e3o do munic\u00edpio com apoio total dado as escolas, servidores p\u00fablicos e comunidades rurais para a celebra\u00e7\u00e3o de seus tradicionais festejos.<\/p>\n\n\n\n<p>O prefeito ainda resgatou desde o in\u00edcio de sua administra\u00e7\u00e3o o Arraia do Duduz\u00e3o, com muito forr\u00f3 p\u00e9 de serra para toda a popula\u00e7\u00e3o de Cara\u00fabas. As festas antecedem a realiza\u00e7\u00e3o do tradicional S\u00e3o Pedro de Cara\u00fabas, que j\u00e1 tem sua programa\u00e7\u00e3o definida e ser\u00e1 anunciada nos pr\u00f3ximos dias. O prefeito Silvano Dudu ainda garante total apoio \u00e0 Par\u00f3quia de S\u00e3o Pedro na realiza\u00e7\u00e3o dos festejos em honra ao padroeiro do munic\u00edpio.<\/p>\n\n\n\n<p><strong>Veja a programa\u00e7\u00e3o completa dos festejos de S\u00e3o Jo\u00e3o apoiados pela Prefeitura de Cara\u00fabas:<\/strong><\/p>\n\n\n\n<p>\u2022 14\/06: S\u00e3o Jo\u00e3o da Escola de Passagem com Reginaldinho do Acordeon;<\/p>\n\n\n\n<p>\u2022 15\/06: Festa Social do S\u00edtio Passagem com Edy &amp; Nathan e Gil Camargo;<\/p>\n\n\n\n<p>\u2022 16\/06: Abertura do Arrai\u00e1 do Duduz\u00e3o com Gilsinho do Acordeon;<\/p>\n\n\n\n<p>\u2022 17\/06: S\u00e3o Jo\u00e3o da Escola Estadual com Reginaldinho do Acordeon;<\/p>\n\n\n\n<p>\u2022 18\/06: S\u00e3o Jo\u00e3o da Escola de Campos com Dominguinhos do Acordeon;<\/p>\n\n\n\n<p>\u2022 19\/06: S\u00e3o Jo\u00e3o da Escola do Salgadinho com Dominguinhos do Acordeon;<\/p>\n\n\n\n<p>\u2022 20\/06: S\u00e3o Jo\u00e3o da Secretaria de Agricultura com Gilsinho do Acordeon;<\/p>\n\n\n\n<p>\u2022 21\/06: S\u00e3o Jo\u00e3o da Secretaria de Assist\u00eancia Social;<\/p>\n\n\n\n<p>\u2022 22\/06: Festa Social do S\u00edtio Campos com Ranny Mattos e Pegada Segura; ( por favor dar destaque nesta divulga\u00e7\u00e3o)<\/p>\n\n\n\n<p>\u2022 23\/06: Arrai\u00e1 do Duduz\u00e3o (\u00e0 definir);<\/p>\n\n\n\n<p>\u2022 24\/06: Arrai\u00e1 do Duduz\u00e3o com famoso Trio Forr\u00f3 Campina ;<\/p>\n\n\n\n<p>\u2022 25\/06: S\u00e3o Jo\u00e3o da Escola Alice Jorge com Reginaldinho do Acordeon;<\/p>\n\n\n\n<p>\u2022 26\/06 S\u00e3o Jo\u00e3o da Creche Escola com Reginaldinho do Acordeon;<\/p>\n\n\n\n<p>\u2022 27\/06: S\u00e3o Jo\u00e3o da Escola de Barreiras com Reginaldinho do Acordeon;<\/p>\n\n\n\n<p>\u2022 28\/06: Abertura da Festa de S\u00e3o Padro;<\/p>\n\n\n\n<p>\u2022 29\/06: Arrai\u00e1 do Duduz\u00e3o (\u00e0 definir);<\/p>\n\n\n\n<p>\u2022 30\/06: Arrai\u00e1 da Igreja de S\u00e3o Pedro;<\/p>\n\n\n\n<p>\u2022 01\/07: Quadrilha do Pov\u00e3o no arrai\u00e1 do duduz\u00e3o com Dominguinhos do Acordeon;<\/p>\n\n\n\n<p>\u2022 02\/07: Quadrilha dos Funcion\u00e1rios no arrai\u00e1 do duduz\u00e3o com Dominguinhos do Acordeon;<\/p>\n\n\n\n<p>\u2022 03\/07: Quadrilha do Pov\u00e3o no arrai\u00e1 do duduz\u00e3o com Dominguinhos do Acordeon;<strong>D<\/strong><\/p>\n","protected":false},"excerpt":{"rendered":"<p>A Prefeitura de Cara\u00fabas, por determina\u00e7\u00e3o do prefeito Silvano Dudu, est\u00e1 resgatando o tradicional S\u00e3o Jo\u00e3o do munic\u00edpio com apoio total dado as escolas, servidores&hellip; <\/p>\n","protected":false},"author":1,"featured_media":101031,"comment_status":"closed","ping_status":"closed","sticky":false,"template":"","format":"standard","meta":{"sfsi_plus_gutenberg_text_before_share":"","sfsi_plus_gutenberg_show_text_before_share":"","sfsi_plus_gutenberg_icon_type":"","sfsi_plus_gutenberg_icon_alignemt":"","sfsi_plus_gutenburg_max_per_row":"","footnotes":""},"categories":[6,50],"tags":[],"class_list":["post-101028","post","type-post","status-publish","format-standard","has-post-thumbnail","hentry","category-cidades","category-destaque"],"_links":{"self":[{"href":"https:\/\/www.caririemacao.com\/1\/wp-json\/wp\/v2\/posts\/101028","targetHints":{"allow":["GET"]}}],"collection":[{"href":"https:\/\/www.caririemacao.com\/1\/wp-json\/wp\/v2\/posts"}],"about":[{"href":"https:\/\/www.caririemacao.com\/1\/wp-json\/wp\/v2\/types\/post"}],"author":[{"embeddable":true,"href":"https:\/\/www.caririemacao.com\/1\/wp-json\/wp\/v2\/users\/1"}],"replies":[{"embeddable":true,"href":"https:\/\/www.caririemacao.com\/1\/wp-json\/wp\/v2\/comments?post=101028"}],"version-history":[{"count":1,"href":"https:\/\/www.caririemacao.com\/1\/wp-json\/wp\/v2\/posts\/101028\/revisions"}],"predecessor-version":[{"id":101032,"href":"https:\/\/www.caririemacao.com\/1\/wp-json\/wp\/v2\/posts\/101028\/revisions\/101032"}],"wp:featuredmedia":[{"embeddable":true,"href":"https:\/\/www.caririemacao.com\/1\/wp-json\/wp\/v2\/media\/101031"}],"wp:attachment":[{"href":"https:\/\/www.caririemacao.com\/1\/wp-json\/wp\/v2\/media?parent=101028"}],"wp:term":[{"taxonomy":"category","embeddable":true,"href":"https:\/\/www.caririemacao.com\/1\/wp-json\/wp\/v2\/categories?post=101028"},{"taxonomy":"post_tag","embeddable":true,"href":"https:\/\/www.caririemacao.com\/1\/wp-json\/wp\/v2\/tags?post=101028"}],"curies":[{"name":"wp","href":"https:\/\/api.w.org\/{rel}","templated":true}]}}