{"id":101038,"date":"2019-06-19T11:04:15","date_gmt":"2019-06-19T14:04:15","guid":{"rendered":"http:\/\/www.caririemacao.com\/1\/?p=101038"},"modified":"2019-06-19T11:04:15","modified_gmt":"2019-06-19T14:04:15","slug":"blindagem-da-lava-jato-a-fhc-deve-anular-condenacao-de-lula-defende-instituto","status":"publish","type":"post","link":"https:\/\/www.caririemacao.com\/1\/2019\/06\/19\/blindagem-da-lava-jato-a-fhc-deve-anular-condenacao-de-lula-defende-instituto\/","title":{"rendered":"Blindagem da Lava Jato a FHC deve anular condena\u00e7\u00e3o de Lula, defende Instituto"},"content":{"rendered":"\n<p>Em nota publicada na noite esta ter\u00e7a-feira (18), o presidente do Instituto Lula, Paulo Okamoto, pediu o cancelamento da condena\u00e7\u00e3o do ex-presidente Lula (PT), ap\u00f3s divulga\u00e7\u00e3o de novas conversas entre o ministro da Justi\u00e7a, S\u00e9rgio Moro, e procuradores da opera\u00e7\u00e3o Lava Jato, atuando de forma parcial contra o petista.<\/p>\n\n\n\n<p>\u201cSurgem \u00e0 luz conversas entre procuradores e juiz que, buscando atingir politicamente Lula e o projeto pol\u00edtico que ele representa, combinaram proteger um advers\u00e1rio partid\u00e1rio em troca de seu apoio. Mais do que isso, procuradores expressamente confessam nas conversas que impediram uma investiga\u00e7\u00e3o em outro instituto porque isso causaria embara\u00e7o em sua persegui\u00e7\u00e3o ao Instituto Lula\u201d, diz a nota.<\/p>\n\n\n\n<p>\u201cDiante dessas revela\u00e7\u00f5es, espera-se que as evid\u00eancias sejam usadas para anular as injustas condena\u00e7\u00f5es contra o Instituto e contra o ex-presidente Lula\u201d, completa.<\/p>\n\n\n\n<h2 class=\"wp-block-heading\"><strong>Leia a nota na \u00edntegra<\/strong><\/h2>\n\n\n\n<p><em>O Instituto Lula sempre recebeu doa\u00e7\u00f5es oficiais e registradas. Mesmo assim, foi alvo de uma investiga\u00e7\u00e3o implac\u00e1vel, que durou anos e resultou em uma multa ilegal e milion\u00e1ria.<\/em><\/p>\n\n\n\n<p><em>Nesse per\u00edodo, o Instituto chegou a ser fechado por decis\u00e3o judicial, o que foi corrigido pela pr\u00f3pria Justi\u00e7a diante da manifesta ilegalidade da medida.<\/em><\/p>\n\n\n\n<p><em>Agora, surgem \u00e0 luz conversas entre procuradores e juiz que, buscando atingir politicamente Lula e o projeto pol\u00edtico que ele representa, combinaram proteger um advers\u00e1rio partid\u00e1rio em troca de seu apoio. &nbsp;<\/em><\/p>\n\n\n\n<p><em>Mais do que isso, procuradores expressamente confessam nas conversas que impediram uma investiga\u00e7\u00e3o em outro instituto porque isso causaria embara\u00e7o em sua persegui\u00e7\u00e3o ao Instituto Lula. &nbsp;<\/em><\/p>\n\n\n\n<p><em>Diante dessas revela\u00e7\u00f5es, espera-se que as evid\u00eancias sejam usadas para anular as injustas condena\u00e7\u00f5es contra o Instituto e contra o ex-presidente Lula.&nbsp;<\/em><\/p>\n\n\n\n<p><strong><em>Paulo Okamotto<br><\/em><em>Diretor-presidente do Instituto Lula<\/em><\/strong><\/p>\n","protected":false},"excerpt":{"rendered":"<p>Em nota publicada na noite esta ter\u00e7a-feira (18), o presidente do Instituto Lula, Paulo Okamoto, pediu o cancelamento da condena\u00e7\u00e3o do ex-presidente Lula (PT), ap\u00f3s&hellip; <\/p>\n","protected":false},"author":2,"featured_media":38727,"comment_status":"closed","ping_status":"closed","sticky":false,"template":"","format":"standard","meta":{"sfsi_plus_gutenberg_text_before_share":"","sfsi_plus_gutenberg_show_text_before_share":"","sfsi_plus_gutenberg_icon_type":"","sfsi_plus_gutenberg_icon_alignemt":"","sfsi_plus_gutenburg_max_per_row":"","footnotes":""},"categories":[11],"tags":[],"class_list":["post-101038","post","type-post","status-publish","format-standard","has-post-thumbnail","hentry","category-politica"],"_links":{"self":[{"href":"https:\/\/www.caririemacao.com\/1\/wp-json\/wp\/v2\/posts\/101038","targetHints":{"allow":["GET"]}}],"collection":[{"href":"https:\/\/www.caririemacao.com\/1\/wp-json\/wp\/v2\/posts"}],"about":[{"href":"https:\/\/www.caririemacao.com\/1\/wp-json\/wp\/v2\/types\/post"}],"author":[{"embeddable":true,"href":"https:\/\/www.caririemacao.com\/1\/wp-json\/wp\/v2\/users\/2"}],"replies":[{"embeddable":true,"href":"https:\/\/www.caririemacao.com\/1\/wp-json\/wp\/v2\/comments?post=101038"}],"version-history":[{"count":1,"href":"https:\/\/www.caririemacao.com\/1\/wp-json\/wp\/v2\/posts\/101038\/revisions"}],"predecessor-version":[{"id":101040,"href":"https:\/\/www.caririemacao.com\/1\/wp-json\/wp\/v2\/posts\/101038\/revisions\/101040"}],"wp:featuredmedia":[{"embeddable":true,"href":"https:\/\/www.caririemacao.com\/1\/wp-json\/wp\/v2\/media\/38727"}],"wp:attachment":[{"href":"https:\/\/www.caririemacao.com\/1\/wp-json\/wp\/v2\/media?parent=101038"}],"wp:term":[{"taxonomy":"category","embeddable":true,"href":"https:\/\/www.caririemacao.com\/1\/wp-json\/wp\/v2\/categories?post=101038"},{"taxonomy":"post_tag","embeddable":true,"href":"https:\/\/www.caririemacao.com\/1\/wp-json\/wp\/v2\/tags?post=101038"}],"curies":[{"name":"wp","href":"https:\/\/api.w.org\/{rel}","templated":true}]}}