{"id":101046,"date":"2019-06-19T11:09:54","date_gmt":"2019-06-19T14:09:54","guid":{"rendered":"http:\/\/www.caririemacao.com\/1\/?p=101046"},"modified":"2019-06-19T11:09:54","modified_gmt":"2019-06-19T14:09:54","slug":"divulgada-a-primeira-chamada-da-lista-de-espera-da-ufcg-para-o-sisu","status":"publish","type":"post","link":"https:\/\/www.caririemacao.com\/1\/2019\/06\/19\/divulgada-a-primeira-chamada-da-lista-de-espera-da-ufcg-para-o-sisu\/","title":{"rendered":"Divulgada a primeira chamada da lista de espera da UFCG para o Sisu"},"content":{"rendered":"\n<p><br>A Universidade Federal de Campina Grande (UFCG) publicou na manh\u00e3 desta quarta-feira, dia 19, a primeira chamada da lista de espera do Sistema de Sele\u00e7\u00e3o Unificado (Sisu) 2019.2. Est\u00e3o sendo convocados 1.168 candidatos para o preenchimento de vagas remanescentes.<\/p>\n\n\n\n<p>O cadastramento (registro acad\u00eamico) dos candidatos convocados nesta segunda chamada dever\u00e1 ser realizado na pr\u00f3xima semana, nos dias 25 e 26, das 8h \u00e0s 11h e das 14h \u00e0s 17h, na coordena\u00e7\u00e3o do curso para qual o estudante foi classificado.<\/p>\n\n\n\n<figure class=\"wp-block-image\"><img decoding=\"async\" data-src=\"https:\/\/paraibaonline.com.br\/wp-content\/uploads\/2017\/11\/ufcg.jpg\" alt=\"Foto: Reprodu\u00e7\u00e3o\/ Internet\" class=\"wp-image-208965 lazyload\" src=\"data:image\/svg+xml;base64,PHN2ZyB3aWR0aD0iMSIgaGVpZ2h0PSIxIiB4bWxucz0iaHR0cDovL3d3dy53My5vcmcvMjAwMC9zdmciPjwvc3ZnPg==\" \/><\/figure>\n\n\n\n<p>Foto: Reprodu\u00e7\u00e3o<\/p>\n\n\n\n<p>O procedimento \u00e9 obrigat\u00f3rio para garantir a vaga na UFCG e dever\u00e1 ser feito presencialmente pelo candidato ou por procurador legalmente constitu\u00eddo para esse fim.<\/p>\n\n\n\n<p>Na terminologia oficial da UFCG, cadastramento e matr\u00edcula s\u00e3o procedimentos diferentes. O cadastramento \u00e9 o procedimento por meio do qual o candidato classificado se torna aluno da UFCG. J\u00e1 a matr\u00edcula \u00e9 o procedimento por meio do qual o aluno define as disciplinas que ir\u00e1 cursar em cada per\u00edodo letivo.<\/p>\n\n\n\n<p>A matr\u00edcula em disciplinas dos alunos ingressantes tamb\u00e9m \u00e9 obrigat\u00f3ria e dever\u00e1 ser realizada no dia 29 de julho, tamb\u00e9m na coordena\u00e7\u00e3o do curso para o qual foi selecionado. As aulas do Per\u00edodo 2019.2 ter\u00e3o in\u00edcio no dia 6 de agosto.<\/p>\n\n\n\n<p>Est\u00e3o previstas at\u00e9 sete chamadas para os inscritos na lista de espera para cursos da UFCG, conforme a exist\u00eancia de vagas. Cada uma delas respeitar\u00e1 a classifica\u00e7\u00e3o para vagas de ampla concorr\u00eancia e as reservadas para cotas. A segunda chamada est\u00e1 programada para o pr\u00f3ximo dia 28.<\/p>\n\n\n\n<p>Veja&nbsp;<a href=\"http:\/\/apps.sti.ufcg.edu.br\/chamadas-sisu\/2019-2\/1\/\"><strong>aqui<\/strong><\/a>&nbsp;a primeira chamada.<\/p>\n","protected":false},"excerpt":{"rendered":"<p>A Universidade Federal de Campina Grande (UFCG) publicou na manh\u00e3 desta quarta-feira, dia 19, a primeira chamada da lista de espera do Sistema de Sele\u00e7\u00e3o&hellip; <\/p>\n","protected":false},"author":1,"featured_media":38893,"comment_status":"closed","ping_status":"closed","sticky":false,"template":"","format":"standard","meta":{"sfsi_plus_gutenberg_text_before_share":"","sfsi_plus_gutenberg_show_text_before_share":"","sfsi_plus_gutenberg_icon_type":"","sfsi_plus_gutenberg_icon_alignemt":"","sfsi_plus_gutenburg_max_per_row":"","footnotes":""},"categories":[50,14],"tags":[],"class_list":["post-101046","post","type-post","status-publish","format-standard","has-post-thumbnail","hentry","category-destaque","category-educacao"],"_links":{"self":[{"href":"https:\/\/www.caririemacao.com\/1\/wp-json\/wp\/v2\/posts\/101046","targetHints":{"allow":["GET"]}}],"collection":[{"href":"https:\/\/www.caririemacao.com\/1\/wp-json\/wp\/v2\/posts"}],"about":[{"href":"https:\/\/www.caririemacao.com\/1\/wp-json\/wp\/v2\/types\/post"}],"author":[{"embeddable":true,"href":"https:\/\/www.caririemacao.com\/1\/wp-json\/wp\/v2\/users\/1"}],"replies":[{"embeddable":true,"href":"https:\/\/www.caririemacao.com\/1\/wp-json\/wp\/v2\/comments?post=101046"}],"version-history":[{"count":1,"href":"https:\/\/www.caririemacao.com\/1\/wp-json\/wp\/v2\/posts\/101046\/revisions"}],"predecessor-version":[{"id":101047,"href":"https:\/\/www.caririemacao.com\/1\/wp-json\/wp\/v2\/posts\/101046\/revisions\/101047"}],"wp:featuredmedia":[{"embeddable":true,"href":"https:\/\/www.caririemacao.com\/1\/wp-json\/wp\/v2\/media\/38893"}],"wp:attachment":[{"href":"https:\/\/www.caririemacao.com\/1\/wp-json\/wp\/v2\/media?parent=101046"}],"wp:term":[{"taxonomy":"category","embeddable":true,"href":"https:\/\/www.caririemacao.com\/1\/wp-json\/wp\/v2\/categories?post=101046"},{"taxonomy":"post_tag","embeddable":true,"href":"https:\/\/www.caririemacao.com\/1\/wp-json\/wp\/v2\/tags?post=101046"}],"curies":[{"name":"wp","href":"https:\/\/api.w.org\/{rel}","templated":true}]}}