{"id":101058,"date":"2019-06-19T11:22:34","date_gmt":"2019-06-19T14:22:34","guid":{"rendered":"http:\/\/www.caririemacao.com\/1\/?p=101058"},"modified":"2019-06-19T11:22:34","modified_gmt":"2019-06-19T14:22:34","slug":"prefeitura-de-sao-joao-do-tigre-entregara-neste-dia-20-um-pacote-de-acoes-para-populacao","status":"publish","type":"post","link":"https:\/\/www.caririemacao.com\/1\/2019\/06\/19\/prefeitura-de-sao-joao-do-tigre-entregara-neste-dia-20-um-pacote-de-acoes-para-populacao\/","title":{"rendered":"Prefeitura de S\u00e3o Jo\u00e3o do Tigre entregar\u00e1 neste dia 20 um pacote de a\u00e7\u00f5es para popula\u00e7\u00e3o"},"content":{"rendered":"\n<p>A Prefeitura de S\u00e3o Jo\u00e3o do Tigre estar\u00e1 nesta quinta (20) entregando a popula\u00e7\u00e3o da cidade &nbsp;diversas novas a\u00e7\u00f5es valorizando os moradores e trazendo mais qualidade de vida , a gest\u00e3o do Prefeito C\u00e9lio Barbosa \u00e9 uma gest\u00e3o voltada para humaniza\u00e7\u00e3o de seu povo e por isso n\u00e3o para fazer novos investimentos na cidade.<\/p>\n\n\n\n<p>\u201cEstaremos realizando muitas obras ainda com o intuito de &nbsp;proporcionar a melhoria nas condi\u00e7\u00f5es de vida da popula\u00e7\u00e3o da nossa cidade. Estou muito feliz em poder estar honrando mais este compromisso. Estamos trabalhando para ampliar ainda mais os investimentos e continuar a oferecer \u00e0 comunidade esses benef\u00edcios\u201d, afirmou o prefeito C\u00e9lio Barbosa.<\/p>\n\n\n\n<p>Confira a programa\u00e7\u00e3o completa:<\/p>\n\n\n\n<p>15:00 Apresenta\u00e7\u00e3o cultural<\/p>\n\n\n\n<p>15:30 Apresenta\u00e7\u00e3o de Lula Poeta<\/p>\n\n\n\n<p>16:00 Inaugura\u00e7\u00e3o da nova pra\u00e7a de eventos com rotat\u00f3ria com identifica\u00e7\u00e3o da cidade<\/p>\n\n\n\n<p>Inaugura\u00e7\u00e3o da pra\u00e7a Estanislau Ventura Mendes<\/p>\n\n\n\n<p>Entregas de unidades habitacional<\/p>\n\n\n\n<p>Entrega de caminh\u00e3o compactador<\/p>\n\n\n\n<p>Entrega de mudas de plantas nativas<\/p>\n\n\n\n<p>17:30 Apresenta\u00e7\u00e3o culturais da assist\u00eancia<\/p>\n\n\n\n<p>19:00 Concurso de forr\u00f3<\/p>\n\n\n\n<p>20:00 P\u00e9 de Serra com Ot\u00e1vio do Acordeon e Henrrique dos teclados<\/p>\n\n\n\n<p><\/p>\n\n\n\n<p>Festpb.com<\/p>\n","protected":false},"excerpt":{"rendered":"<p>A Prefeitura de S\u00e3o Jo\u00e3o do Tigre estar\u00e1 nesta quinta (20) entregando a popula\u00e7\u00e3o da cidade &nbsp;diversas novas a\u00e7\u00f5es valorizando os moradores e trazendo mais&hellip; <\/p>\n","protected":false},"author":1,"featured_media":101059,"comment_status":"closed","ping_status":"closed","sticky":false,"template":"","format":"standard","meta":{"sfsi_plus_gutenberg_text_before_share":"","sfsi_plus_gutenberg_show_text_before_share":"","sfsi_plus_gutenberg_icon_type":"","sfsi_plus_gutenberg_icon_alignemt":"","sfsi_plus_gutenburg_max_per_row":"","footnotes":""},"categories":[6],"tags":[],"class_list":["post-101058","post","type-post","status-publish","format-standard","has-post-thumbnail","hentry","category-cidades"],"_links":{"self":[{"href":"https:\/\/www.caririemacao.com\/1\/wp-json\/wp\/v2\/posts\/101058","targetHints":{"allow":["GET"]}}],"collection":[{"href":"https:\/\/www.caririemacao.com\/1\/wp-json\/wp\/v2\/posts"}],"about":[{"href":"https:\/\/www.caririemacao.com\/1\/wp-json\/wp\/v2\/types\/post"}],"author":[{"embeddable":true,"href":"https:\/\/www.caririemacao.com\/1\/wp-json\/wp\/v2\/users\/1"}],"replies":[{"embeddable":true,"href":"https:\/\/www.caririemacao.com\/1\/wp-json\/wp\/v2\/comments?post=101058"}],"version-history":[{"count":1,"href":"https:\/\/www.caririemacao.com\/1\/wp-json\/wp\/v2\/posts\/101058\/revisions"}],"predecessor-version":[{"id":101060,"href":"https:\/\/www.caririemacao.com\/1\/wp-json\/wp\/v2\/posts\/101058\/revisions\/101060"}],"wp:featuredmedia":[{"embeddable":true,"href":"https:\/\/www.caririemacao.com\/1\/wp-json\/wp\/v2\/media\/101059"}],"wp:attachment":[{"href":"https:\/\/www.caririemacao.com\/1\/wp-json\/wp\/v2\/media?parent=101058"}],"wp:term":[{"taxonomy":"category","embeddable":true,"href":"https:\/\/www.caririemacao.com\/1\/wp-json\/wp\/v2\/categories?post=101058"},{"taxonomy":"post_tag","embeddable":true,"href":"https:\/\/www.caririemacao.com\/1\/wp-json\/wp\/v2\/tags?post=101058"}],"curies":[{"name":"wp","href":"https:\/\/api.w.org\/{rel}","templated":true}]}}