{"id":101069,"date":"2019-06-19T11:40:18","date_gmt":"2019-06-19T14:40:18","guid":{"rendered":"http:\/\/www.caririemacao.com\/1\/?p=101069"},"modified":"2019-06-19T11:40:18","modified_gmt":"2019-06-19T14:40:18","slug":"paraiba-abre-edital-para-o-programa-centelha-com-investimento-para-ideias-inovadoras","status":"publish","type":"post","link":"https:\/\/www.caririemacao.com\/1\/2019\/06\/19\/paraiba-abre-edital-para-o-programa-centelha-com-investimento-para-ideias-inovadoras\/","title":{"rendered":"Para\u00edba abre edital para o Programa Centelha com investimento para ideias inovadoras"},"content":{"rendered":"\n<p>Est\u00e3o abertas as inscri\u00e7\u00f5es para o edital do Programa Centelha Para\u00edba. O Programa \u00e9 promovido pelo Minist\u00e9rio da Ci\u00eancia, Tecnologia, Inova\u00e7\u00f5es e Comunica\u00e7\u00f5es (MCTIC) e pela Financiadora de Estudos e Projetos (Finep), em parceria com o Conselho Nacional de Desenvolvimento Cient\u00edfico e Tecnol\u00f3gico (CNPq) e o Conselho Nacional das Funda\u00e7\u00f5es Estaduais de Amparo \u00e0 Pesquisa (Confap), operada pela Funda\u00e7\u00e3o CERTI e executada, na Para\u00edba, pela Secretaria de Estado da Educa\u00e7\u00e3o, Ci\u00eancia e Tecnologia (SEECT) e Funda\u00e7\u00e3o de Apoio \u00e0 Pesquisa (Fapesq). Ser\u00e3o investidos na Para\u00edba recursos na ordem de aproximadamente R$ 1,7 milh\u00e3o, sendo 570 mil de contrapartida do Estado.<\/p>\n\n\n\n<p>O Programa Centelha visa estimular a cria\u00e7\u00e3o de empreendimentos inovadores, a partir da gera\u00e7\u00e3o de novas ideias, e disseminar a cultura do empreendedorismo inovador em todo territ\u00f3rio nacional, incentivando a mobiliza\u00e7\u00e3o e a articula\u00e7\u00e3o institucional dos atores nos ecossistemas locais, estaduais e regionais de inova\u00e7\u00e3o do pa\u00eds.<\/p>\n\n\n\n<p>As inscri\u00e7\u00f5es do Programa Centelha na Para\u00edba v\u00e3o at\u00e9 17 de julho de 2019, no endere\u00e7o eletr\u00f4nico www.programacentelha.com.br, no qual \u00e9 poss\u00edvel obter mais informa\u00e7\u00f5es sobre o programa e o edital detalhado.&nbsp;<\/p>\n\n\n\n<p><strong>Como funciona<\/strong><\/p>\n\n\n\n<p>A meta \u00e9 atrair em torno de mil ideias inovadoras na Para\u00edba. Na primeira fase do Programa Centelha, os interessados dever\u00e3o apresentar suas ideias de neg\u00f3cio e a equipe de trabalho. O objetivo \u00e9 verificar se a ideia \u00e9 inovadora e traz benef\u00edcios para a regi\u00e3o e o seu potencial de mercado. Passam para a segunda fase at\u00e9 200 propostas, e os selecionados devem, ent\u00e3o, elaborar um projeto de empreendimento, detalhando o plano de neg\u00f3cio executivo com o objetivo de demonstrar as chances da ideia gerar um bom neg\u00f3cio.<\/p>\n\n\n\n<p>A terceira fase \u2013 pela qual passam at\u00e9 100 das propostas ainda em jogo \u2013 consiste no desenvolvimento de um projeto de fomento, com apresenta\u00e7\u00e3o detalhada do or\u00e7amento e do planejamento de execu\u00e7\u00e3o do projeto. Ao longo de todas as etapas s\u00e3o oferecidas capacita\u00e7\u00f5es para auxiliar o empreendedor a aprimorar sua ideia e desenvolver seu neg\u00f3cio.<\/p>\n\n\n\n<p>Ao final, at\u00e9 28 projetos ser\u00e3o contemplados, cada um com at\u00e9 R$ 60 mil em subven\u00e7\u00e3o econ\u00f4mica, al\u00e9m de outros benef\u00edcios oferecidos por parceiros do programa. Ainda, durante seis meses, essas empresas passar\u00e3o por um processo de pr\u00e9-incuba\u00e7\u00e3o com suporte e capacita\u00e7\u00e3o para transformar suas ideias em neg\u00f3cios de sucesso.<\/p>\n\n\n\n<p>O Programa Centelha contribuir\u00e1 para o estabelecimento da ponte entre academia e ind\u00fastria na Para\u00edba, j\u00e1 que muitas das ideias v\u00eam de pessoas ainda na universidade, tanto de cursos de gradua\u00e7\u00e3o como de p\u00f3s-gradua\u00e7\u00e3o. Al\u00e9m disso, o Centelha abre espa\u00e7o para a participa\u00e7\u00e3o de todos os cidad\u00e3os do estado, tanto para inscrever suas ideias como para interagir com os empreendedores e consolida uma forte rede de apoio ao empreendedorismo inovador.<\/p>\n\n\n\n<p><br><strong>Secom PB<\/strong><\/p>\n","protected":false},"excerpt":{"rendered":"<p>Est\u00e3o abertas as inscri\u00e7\u00f5es para o edital do Programa Centelha Para\u00edba. O Programa \u00e9 promovido pelo Minist\u00e9rio da Ci\u00eancia, Tecnologia, Inova\u00e7\u00f5es e Comunica\u00e7\u00f5es (MCTIC) e&hellip; <\/p>\n","protected":false},"author":1,"featured_media":101070,"comment_status":"closed","ping_status":"closed","sticky":false,"template":"","format":"standard","meta":{"sfsi_plus_gutenberg_text_before_share":"","sfsi_plus_gutenberg_show_text_before_share":"","sfsi_plus_gutenberg_icon_type":"","sfsi_plus_gutenberg_icon_alignemt":"","sfsi_plus_gutenburg_max_per_row":"","footnotes":""},"categories":[2],"tags":[],"class_list":["post-101069","post","type-post","status-publish","format-standard","has-post-thumbnail","hentry","category-geral"],"_links":{"self":[{"href":"https:\/\/www.caririemacao.com\/1\/wp-json\/wp\/v2\/posts\/101069","targetHints":{"allow":["GET"]}}],"collection":[{"href":"https:\/\/www.caririemacao.com\/1\/wp-json\/wp\/v2\/posts"}],"about":[{"href":"https:\/\/www.caririemacao.com\/1\/wp-json\/wp\/v2\/types\/post"}],"author":[{"embeddable":true,"href":"https:\/\/www.caririemacao.com\/1\/wp-json\/wp\/v2\/users\/1"}],"replies":[{"embeddable":true,"href":"https:\/\/www.caririemacao.com\/1\/wp-json\/wp\/v2\/comments?post=101069"}],"version-history":[{"count":1,"href":"https:\/\/www.caririemacao.com\/1\/wp-json\/wp\/v2\/posts\/101069\/revisions"}],"predecessor-version":[{"id":101071,"href":"https:\/\/www.caririemacao.com\/1\/wp-json\/wp\/v2\/posts\/101069\/revisions\/101071"}],"wp:featuredmedia":[{"embeddable":true,"href":"https:\/\/www.caririemacao.com\/1\/wp-json\/wp\/v2\/media\/101070"}],"wp:attachment":[{"href":"https:\/\/www.caririemacao.com\/1\/wp-json\/wp\/v2\/media?parent=101069"}],"wp:term":[{"taxonomy":"category","embeddable":true,"href":"https:\/\/www.caririemacao.com\/1\/wp-json\/wp\/v2\/categories?post=101069"},{"taxonomy":"post_tag","embeddable":true,"href":"https:\/\/www.caririemacao.com\/1\/wp-json\/wp\/v2\/tags?post=101069"}],"curies":[{"name":"wp","href":"https:\/\/api.w.org\/{rel}","templated":true}]}}