{"id":101081,"date":"2019-06-19T11:47:55","date_gmt":"2019-06-19T14:47:55","guid":{"rendered":"http:\/\/www.caririemacao.com\/1\/?p=101081"},"modified":"2019-06-19T11:47:55","modified_gmt":"2019-06-19T14:47:55","slug":"moro-diz-ter-aceitado-ministerio-para-consolidar-combate-a-corrupcao","status":"publish","type":"post","link":"https:\/\/www.caririemacao.com\/1\/2019\/06\/19\/moro-diz-ter-aceitado-ministerio-para-consolidar-combate-a-corrupcao\/","title":{"rendered":"Moro diz ter aceitado minist\u00e9rio para consolidar combate \u00e0 corrup\u00e7\u00e3o"},"content":{"rendered":"\n<p>O ministro da Justi\u00e7a e Seguran\u00e7a P\u00fablica, Sergio Moro, disse&nbsp;hoje&nbsp;(19) que aceitou o convite para ocupar um posto no governo federal em novembro de 2018, com o prop\u00f3sito de consolidar o trabalho que vinha sendo realizado pela for\u00e7a-tarefa da Lava Jato, que apura casos de corrup\u00e7\u00e3o.<\/p>\n\n\n\n<p>\u201cN\u00f3s trabalhamos por cinco anos nestas opera\u00e7\u00f5es anticorrup\u00e7\u00e3o\u201d, disse o ministro ao participar de audi\u00eancia da Comiss\u00e3o de Constitui\u00e7\u00e3o, Justi\u00e7a e Cidadania (CCJ) do Senado, referindo-se ao trabalho de magistrados e de procuradores da Rep\u00fablica. \u201c[Durante este tempo] fui atacado cotidianamente por aqueles que n\u00e3o queriam mudan\u00e7as no padr\u00e3o de combate \u00e0 impunidade da grande corrup\u00e7\u00e3o. Sempre restou uma sombra de um [eventual] retrocesso. De que, com uma mudan\u00e7a, uma virada de mesa, tudo aquilo que tivesse sido feito seria perdido. Eu vi no convite para ser ministro da Justi\u00e7a e Seguran\u00e7a P\u00fablica uma oportunidade para consolidar estes avan\u00e7os anticorrup\u00e7\u00e3o e avan\u00e7ar no combate ao crime organizado e a criminalidade violenta. Foi por isto que aceitei ser ministro e \u00e9 isto que estou fazendo\u201d, afirmou Moro, garantindo jamais&nbsp;ter&nbsp;atuado \u201cem conluio\u201d com os procuradores.<\/p>\n\n\n\n<p>\u201cMinhas decis\u00f5es eram submetidas a inst\u00e2ncias recursais. Acho que nunca um juiz teve tantos recursos propostos contra suas decis\u00f5es, porque os casos eram dif\u00edceis. Eram recursos de pessoas poderosas apresentados ao Tribunal, ao Superior Tribunal de Justi\u00e7a e ao Supremo Tribunal Federal. E quem foi condenado, o foi com base nas provas de que cometeu corrup\u00e7\u00e3o, grande corrup\u00e7\u00e3o. O que houve foi uma captura da Petrobras para atender a interesses especiais de agentes p\u00fablicos e privados inescrupulosos\u201d, acrescentou o ministro, reafirmando jamais&nbsp;ter&nbsp;atuado com base em convic\u00e7\u00f5es ideol\u00f3gicas.<\/p>\n\n\n\n<p>Para consubstanciar sua afirma\u00e7\u00e3o, o ministro lembrou que em 45 das 90 den\u00fancias apresentadas pelo Minist\u00e9rio P\u00fablico Federal j\u00e1 foram proferidas senten\u00e7as. Destas, o MPF recorreu em&nbsp;44. \u201cAqui h\u00e1 um indicativo claro de que n\u00e3o h\u00e1 conluio, mas sim diverg\u00eancias\u201d, completou Moro, acrescentando que 291 pessoas foram acusadas e 211 condenadas, contra 63 absolvi\u00e7\u00f5es. \u201cOutro indicativo de que n\u00e3o h\u00e1 qualquer esp\u00e9cie de converg\u00eancia absoluta entre o MPF e o juiz ou entre a pol\u00edcia e o MPF.\u201d&nbsp;Al\u00e9m disso, dos 298 requerimentos de pris\u00f5es cautelares, 91 foram negados.<\/p>\n\n\n\n<p>O pr\u00f3prio ministro tomou a iniciativa de ir ao Senado para apresentar sua vers\u00e3o sobre as supostas conversas que teria mantido com integrantes da for\u00e7a tarefa quando ainda era juiz da 13\u00aa Vara da Justi\u00e7a Federal em Curitiba, onde s\u00e3o julgados os processos da Lava Jato que tramitam no Paran\u00e1.<\/p>\n\n\n\n<p>C\u00f3pias das supostas conversas mantidas por meio de um aplicativo de troca de mensagens por celular foram entregues por uma fonte an\u00f4nima ao site The Intercept Brasil, que, desde o dia&nbsp;9 de junho, vem publicando reportagens com base nos di\u00e1logos atribu\u00eddos ao ministro Sergio Moro e aos procuradores, entre eles, o coordenador da for\u00e7a-tarefa, o procurador Deltan Dallagnol.<\/p>\n\n\n\n<p>Ministros e procuradores afirmam que foram alvo da a\u00e7\u00e3o de hackers com objetivo de atacar a Lava Jato e as institui\u00e7\u00f5es da Rep\u00fablica, Moro e Dallagnol t\u00eam&nbsp;<a href=\"http:\/\/agenciabrasil.ebc.com.br\/politica\/noticia\/2019-06\/moro-nao-reconhece-autenticidade-de-mensagens-de-site\" target=\"_blank\" rel=\"noreferrer noopener\">questionado<\/a>&nbsp; a autenticidade das mensagens. Eles afirmam n\u00e3o&nbsp;ter&nbsp;como comparar os trechos divulgados com eventuais conversas que tenham mantido h\u00e1 mais de dois anos. Segundo eles, as conversas, al\u00e9m de descontextualizadas, podem&nbsp;ter&nbsp;sido adulteradas. A PF est\u00e1 investigando a suposta a\u00e7\u00e3o de hackers.<\/p>\n\n\n\n<p>Hoje, Moro disse acreditar que h\u00e1 um grupo criminoso organizado por tr\u00e1s da divulga\u00e7\u00e3o das supostas conversas. \u201cQuem faz estas opera\u00e7\u00f5es de contraintelig\u00eancia n\u00e3o \u00e9 um adolescente com espinhas na cara, na frente de um computador, mas sim um criminoso estruturado\u201d, declarou Moro, cobrando que a equipe do site The Intercept Brasil entregue todo o conte\u00fado a que teve acesso \u00e0s autoridades competentes em que confie para que seja apurada a autenticidade dos arquivos. O ministro garante&nbsp;ter&nbsp;entregue seu celular pessoal \u00e0 Pol\u00edcia Federal t\u00e3o logo percebeu que pode&nbsp;ter&nbsp;sido alvo de ataques a seu aparelho.<\/p>\n\n\n\n<h2 class=\"wp-block-heading\">The Intercept<\/h2>\n\n\n\n<p>Nas reportagens, o site afirma que Moro infringiu o c\u00f3digo da magistratura ao colaborar com o Minist\u00e9rio P\u00fablico Federal (MPF) ao, supostamente, trocar informa\u00e7\u00f5es sens\u00edveis com os procuradores da Rep\u00fablica. Para o ve\u00edculo, Moro ajudou a instruir o processo penal, sugeriu ordem de deflagra\u00e7\u00e3o de opera\u00e7\u00f5es policiais e indicou testemunhas a serem ouvidas pela acusa\u00e7\u00e3o. O site n\u00e3o&nbsp;revela a origem das mensagens que afirma&nbsp;ter&nbsp;recebido de uma fonte an\u00f4nima. A Constitui\u00e7\u00e3o Federal reserva a todo jornalista o direito de n\u00e3o revelar suas fontes de informa\u00e7\u00f5es.<\/p>\n\n\n\n<h2 class=\"wp-block-heading\">CCJ<\/h2>\n\n\n\n<p>A reuni\u00e3o na CCJ come\u00e7ou as 9h20, com 20 minutos de atraso. A previs\u00e3o \u00e9 de que, ap\u00f3s a fala do ministro Moro, os senadores inscritos, intercalados por ordem de partido,&nbsp;tenham cinco minutos para perguntas. O ministro&nbsp;ter\u00e1 o mesmo tempo para resposta e, depois, os parlamentares&nbsp;ter\u00e3o prazo m\u00e1ximo de dois minutos para r\u00e9plica e tr\u00e9plica. Transmitida pelas redes sociais do Senado, a reuni\u00e3o permite a participa\u00e7\u00e3o da popula\u00e7\u00e3o, que pode enviar perguntas por meio dos canais oficiais.<\/p>\n","protected":false},"excerpt":{"rendered":"<p>O ministro da Justi\u00e7a e Seguran\u00e7a P\u00fablica, Sergio Moro, disse&nbsp;hoje&nbsp;(19) que aceitou o convite para ocupar um posto no governo federal em novembro de 2018,&hellip; <\/p>\n","protected":false},"author":1,"featured_media":101082,"comment_status":"closed","ping_status":"closed","sticky":false,"template":"","format":"standard","meta":{"sfsi_plus_gutenberg_text_before_share":"","sfsi_plus_gutenberg_show_text_before_share":"","sfsi_plus_gutenberg_icon_type":"","sfsi_plus_gutenberg_icon_alignemt":"","sfsi_plus_gutenburg_max_per_row":"","footnotes":""},"categories":[11],"tags":[],"class_list":["post-101081","post","type-post","status-publish","format-standard","has-post-thumbnail","hentry","category-politica"],"_links":{"self":[{"href":"https:\/\/www.caririemacao.com\/1\/wp-json\/wp\/v2\/posts\/101081","targetHints":{"allow":["GET"]}}],"collection":[{"href":"https:\/\/www.caririemacao.com\/1\/wp-json\/wp\/v2\/posts"}],"about":[{"href":"https:\/\/www.caririemacao.com\/1\/wp-json\/wp\/v2\/types\/post"}],"author":[{"embeddable":true,"href":"https:\/\/www.caririemacao.com\/1\/wp-json\/wp\/v2\/users\/1"}],"replies":[{"embeddable":true,"href":"https:\/\/www.caririemacao.com\/1\/wp-json\/wp\/v2\/comments?post=101081"}],"version-history":[{"count":1,"href":"https:\/\/www.caririemacao.com\/1\/wp-json\/wp\/v2\/posts\/101081\/revisions"}],"predecessor-version":[{"id":101083,"href":"https:\/\/www.caririemacao.com\/1\/wp-json\/wp\/v2\/posts\/101081\/revisions\/101083"}],"wp:featuredmedia":[{"embeddable":true,"href":"https:\/\/www.caririemacao.com\/1\/wp-json\/wp\/v2\/media\/101082"}],"wp:attachment":[{"href":"https:\/\/www.caririemacao.com\/1\/wp-json\/wp\/v2\/media?parent=101081"}],"wp:term":[{"taxonomy":"category","embeddable":true,"href":"https:\/\/www.caririemacao.com\/1\/wp-json\/wp\/v2\/categories?post=101081"},{"taxonomy":"post_tag","embeddable":true,"href":"https:\/\/www.caririemacao.com\/1\/wp-json\/wp\/v2\/tags?post=101081"}],"curies":[{"name":"wp","href":"https:\/\/api.w.org\/{rel}","templated":true}]}}