{"id":101086,"date":"2019-06-19T11:50:17","date_gmt":"2019-06-19T14:50:17","guid":{"rendered":"http:\/\/www.caririemacao.com\/1\/?p=101086"},"modified":"2019-06-19T11:50:17","modified_gmt":"2019-06-19T14:50:17","slug":"comissao-especial-retoma-debate-sobre-reforma-da-previdencia","status":"publish","type":"post","link":"https:\/\/www.caririemacao.com\/1\/2019\/06\/19\/comissao-especial-retoma-debate-sobre-reforma-da-previdencia\/","title":{"rendered":"Comiss\u00e3o especial retoma debate sobre reforma da Previd\u00eancia"},"content":{"rendered":"\n<p>A Comiss\u00e3o Especial da Reforma da Previd\u00eancia na C\u00e2mara dos Deputados retoma hoje (19) as discuss\u00f5es sobre o parecer do deputado Samuel Moreira (PSDB-SP), apresentado na semana passada. Em uma sess\u00e3o que se estendeu por 12 horas, 63 deputados j\u00e1 debateram a proposta na comiss\u00e3o.<\/p>\n\n\n\n<p>Ao todo, 155 deputados est\u00e3o inscritos para falar, 92 contr\u00e1rios e 63 a favor. Muitos deputados favor\u00e1veis abriram m\u00e3o de falar para reduzir o tempo do debate, que pode durar cerca de tr\u00eas dias. A expectativa do presidente da C\u00e2mara, deputado Rodrigo Maia (DEM-RJ), \u00e9 que o texto seja votado na comiss\u00e3o especial na pr\u00f3xima quarta-feira (26). No entanto, na avalia\u00e7\u00e3o de Samuel Moreira, a vota\u00e7\u00e3o ainda pode demorar.<\/p>\n\n\n\n<p>Ontem (18), o deputado Samuel Moreira admitiu que pode apresentar um voto complementar com mudan\u00e7as na proposta, ap\u00f3s o fim dos debates. Ele disse que as discuss\u00f5es servem de base para ajustes no relat\u00f3rio.<\/p>\n\n\n\n<p>\u201cH\u00e1 possibilidade de o relator fazer um voto complementar ap\u00f3s as discuss\u00f5es. Eu nunca tive a pretens\u00e3o de que o relat\u00f3rio fosse um decreto. Ele est\u00e1 sujeito a altera\u00e7\u00f5es. Estou aqui para ouvir, para melhorar ainda mais o relat\u00f3rio\u201d, disse. Cinco partidos de oposi\u00e7\u00e3o (PDT, PSB, PT, Psol e PCdoB) j\u00e1 anunciaram uma atua\u00e7\u00e3o conjunta contra a reforma, como&nbsp;<a href=\"http:\/\/agenciabrasil.ebc.com.br\/politica\/noticia\/2019-06\/oposicao-anuncia-obstrucao-reforma-da-previdencia\" target=\"_blank\" rel=\"noreferrer noopener\">obstru\u00e7\u00e3o na vota\u00e7\u00e3o<\/a>&nbsp;do texto e apresenta\u00e7\u00e3o de destaques para alterar diversos pontos da proposta.<\/p>\n\n\n\n<p>Em documento divulgado, os partidos consideram que tanto a reforma da Previd\u00eancia encaminhada pelo governo quanto o relat\u00f3rio apresentado pelo deputado Samuel Moreira (PSDB-SP) atacam direitos dos mais pobres.<\/p>\n\n\n\n<p>\u201cConsideramos, portanto, que a proposta apresentada pelo relator da Comiss\u00e3o Especial, deputado Samuel Moreira (PSDB\/SP), continua transferindo para os mais pobres e os para trabalhadores o \u00f4nus da crise econ\u00f4mica e os problemas do sistema de Previd\u00eancia, que devem ser enfrentados com combate a privil\u00e9gios, retomada da atividade econ\u00f4mica e realiza\u00e7\u00e3o de uma profunda reforma tribut\u00e1ria\u201d, diz o documento.<\/p>\n","protected":false},"excerpt":{"rendered":"<p>A Comiss\u00e3o Especial da Reforma da Previd\u00eancia na C\u00e2mara dos Deputados retoma hoje (19) as discuss\u00f5es sobre o parecer do deputado Samuel Moreira (PSDB-SP), apresentado&hellip; <\/p>\n","protected":false},"author":1,"featured_media":101088,"comment_status":"closed","ping_status":"closed","sticky":false,"template":"","format":"standard","meta":{"sfsi_plus_gutenberg_text_before_share":"","sfsi_plus_gutenberg_show_text_before_share":"","sfsi_plus_gutenberg_icon_type":"","sfsi_plus_gutenberg_icon_alignemt":"","sfsi_plus_gutenburg_max_per_row":"","footnotes":""},"categories":[11],"tags":[],"class_list":["post-101086","post","type-post","status-publish","format-standard","has-post-thumbnail","hentry","category-politica"],"_links":{"self":[{"href":"https:\/\/www.caririemacao.com\/1\/wp-json\/wp\/v2\/posts\/101086","targetHints":{"allow":["GET"]}}],"collection":[{"href":"https:\/\/www.caririemacao.com\/1\/wp-json\/wp\/v2\/posts"}],"about":[{"href":"https:\/\/www.caririemacao.com\/1\/wp-json\/wp\/v2\/types\/post"}],"author":[{"embeddable":true,"href":"https:\/\/www.caririemacao.com\/1\/wp-json\/wp\/v2\/users\/1"}],"replies":[{"embeddable":true,"href":"https:\/\/www.caririemacao.com\/1\/wp-json\/wp\/v2\/comments?post=101086"}],"version-history":[{"count":1,"href":"https:\/\/www.caririemacao.com\/1\/wp-json\/wp\/v2\/posts\/101086\/revisions"}],"predecessor-version":[{"id":101089,"href":"https:\/\/www.caririemacao.com\/1\/wp-json\/wp\/v2\/posts\/101086\/revisions\/101089"}],"wp:featuredmedia":[{"embeddable":true,"href":"https:\/\/www.caririemacao.com\/1\/wp-json\/wp\/v2\/media\/101088"}],"wp:attachment":[{"href":"https:\/\/www.caririemacao.com\/1\/wp-json\/wp\/v2\/media?parent=101086"}],"wp:term":[{"taxonomy":"category","embeddable":true,"href":"https:\/\/www.caririemacao.com\/1\/wp-json\/wp\/v2\/categories?post=101086"},{"taxonomy":"post_tag","embeddable":true,"href":"https:\/\/www.caririemacao.com\/1\/wp-json\/wp\/v2\/tags?post=101086"}],"curies":[{"name":"wp","href":"https:\/\/api.w.org\/{rel}","templated":true}]}}