{"id":101102,"date":"2019-06-19T15:57:00","date_gmt":"2019-06-19T18:57:00","guid":{"rendered":"http:\/\/www.caririemacao.com\/1\/?p=101102"},"modified":"2019-06-19T15:57:00","modified_gmt":"2019-06-19T18:57:00","slug":"pelo-segundo-ano-consecutivo-prefeitura-de-sume-investe-em-seguranca-e-saude-nas-festas-juninas","status":"publish","type":"post","link":"https:\/\/www.caririemacao.com\/1\/2019\/06\/19\/pelo-segundo-ano-consecutivo-prefeitura-de-sume-investe-em-seguranca-e-saude-nas-festas-juninas\/","title":{"rendered":"Pelo segundo ano consecutivo, Prefeitura de Sum\u00e9 investe em seguran\u00e7a e sa\u00fade nas festas juninas"},"content":{"rendered":"\n<p>O S\u00e3o Jo\u00e3o de Sum\u00e9, que vem acontecendo desde o dia 15 de junho, al\u00e9m de contar com muito forr\u00f3 e anima\u00e7\u00e3o, tem possibilitado tamb\u00e9m \u00e0s pessoas que comparecem ao evento, seguran\u00e7a e tranquilidade.<br>\nOs investimentos feitos pela Prefeitura contam com c\u00e2meras de alta defini\u00e7\u00e3o, equipe de seguran\u00e7a privada e bombeiros civis, tudo respaldado com laudo de autoriza\u00e7\u00e3o de evento, emitido pelo Corpo de Bombeiros Militar, mostrando que o local est\u00e1 adequado \u00e0s normas.<br>\nO prefeito \u00c9den Duarte faz quest\u00e3o de contar com o apoio da Pol\u00edcia Militar para garantir mais seguran\u00e7a \u00e0 popula\u00e7\u00e3o. Os policiais ficam distribu\u00eddos em v\u00e1rios pontos da pra\u00e7a Jos\u00e9 Am\u00e9rico durante os festejos.<br>\nTamb\u00e9m pensando no bem-estar do p\u00fablico presente, a Prefeitura, atrav\u00e9s da Secretaria de Sa\u00fade, disponibiliza uma equipe do Samu nas noites de grandes atra\u00e7\u00f5es. A ambul\u00e2ncia fica a postos com os profissionais para atender a popula\u00e7\u00e3o e socorrer quando for preciso.<br>\nNo pr\u00f3ximo final de semana, os shows no palco principal continuam, trazendo  Gente Boa, Fl\u00e1vio Leandro, Dejinha de Monteiro, Irah Caldeira, Os Gonzagas e Forr\u00f3 Kent.<br>\nAscom PMS<\/p>\n","protected":false},"excerpt":{"rendered":"<p>O S\u00e3o Jo\u00e3o de Sum\u00e9, que vem acontecendo desde o dia 15 de junho, al\u00e9m de contar com muito forr\u00f3 e anima\u00e7\u00e3o, tem possibilitado tamb\u00e9m&hellip; <\/p>\n","protected":false},"author":1,"featured_media":101103,"comment_status":"closed","ping_status":"closed","sticky":false,"template":"","format":"standard","meta":{"sfsi_plus_gutenberg_text_before_share":"","sfsi_plus_gutenberg_show_text_before_share":"","sfsi_plus_gutenberg_icon_type":"","sfsi_plus_gutenberg_icon_alignemt":"","sfsi_plus_gutenburg_max_per_row":"","footnotes":""},"categories":[6,50],"tags":[],"class_list":["post-101102","post","type-post","status-publish","format-standard","has-post-thumbnail","hentry","category-cidades","category-destaque"],"_links":{"self":[{"href":"https:\/\/www.caririemacao.com\/1\/wp-json\/wp\/v2\/posts\/101102","targetHints":{"allow":["GET"]}}],"collection":[{"href":"https:\/\/www.caririemacao.com\/1\/wp-json\/wp\/v2\/posts"}],"about":[{"href":"https:\/\/www.caririemacao.com\/1\/wp-json\/wp\/v2\/types\/post"}],"author":[{"embeddable":true,"href":"https:\/\/www.caririemacao.com\/1\/wp-json\/wp\/v2\/users\/1"}],"replies":[{"embeddable":true,"href":"https:\/\/www.caririemacao.com\/1\/wp-json\/wp\/v2\/comments?post=101102"}],"version-history":[{"count":1,"href":"https:\/\/www.caririemacao.com\/1\/wp-json\/wp\/v2\/posts\/101102\/revisions"}],"predecessor-version":[{"id":101104,"href":"https:\/\/www.caririemacao.com\/1\/wp-json\/wp\/v2\/posts\/101102\/revisions\/101104"}],"wp:featuredmedia":[{"embeddable":true,"href":"https:\/\/www.caririemacao.com\/1\/wp-json\/wp\/v2\/media\/101103"}],"wp:attachment":[{"href":"https:\/\/www.caririemacao.com\/1\/wp-json\/wp\/v2\/media?parent=101102"}],"wp:term":[{"taxonomy":"category","embeddable":true,"href":"https:\/\/www.caririemacao.com\/1\/wp-json\/wp\/v2\/categories?post=101102"},{"taxonomy":"post_tag","embeddable":true,"href":"https:\/\/www.caririemacao.com\/1\/wp-json\/wp\/v2\/tags?post=101102"}],"curies":[{"name":"wp","href":"https:\/\/api.w.org\/{rel}","templated":true}]}}