{"id":101109,"date":"2019-06-19T16:16:36","date_gmt":"2019-06-19T19:16:36","guid":{"rendered":"http:\/\/www.caririemacao.com\/1\/?p=101109"},"modified":"2019-06-19T16:16:36","modified_gmt":"2019-06-19T19:16:36","slug":"prazo-para-pagamento-do-iptu-2019-com-desconto-se-encerra-nesta-sexta-feira","status":"publish","type":"post","link":"https:\/\/www.caririemacao.com\/1\/2019\/06\/19\/prazo-para-pagamento-do-iptu-2019-com-desconto-se-encerra-nesta-sexta-feira\/","title":{"rendered":"Prazo para pagamento do IPTU 2019 com desconto se encerra nesta sexta-feira"},"content":{"rendered":"\n<p>O prazo para efetuar o pagamento do Imposto Predial e Territorial Urbano (IPTU) 2019 de Monteiro, em cota \u00fanica e com desconto de 20%, se encerra nesta sexta-feira dia 21 de junho. O prazo original havia encerrado no \u00faltimo dia 31.De acordo com a Secretaria de Finan\u00e7as, os bancos credenciados ficam autorizados a receber o tributo, sem multa e juros, somente at\u00e9 o dia 21.Para realizar o pagamento, o dono do im\u00f3vel deve levar o carn\u00ea a uma ag\u00eancia ou correspondente banc\u00e1rio, ou na Prefeitura no setor de arrecada\u00e7\u00e3o. Para quem extraviou o boleto e necessita de uma segunda via, a impress\u00e3o pode ser feita atrav\u00e9s do site oficial da Prefeitura&nbsp;<a href=\"http:\/\/www.monteiro.gov.br\/\" target=\"_blank\" rel=\"noreferrer noopener\">www.monteiro.gov.br<\/a>&nbsp;e clicar no banner lateral IPTU &nbsp;ou no link:&nbsp;<a href=\"http:\/\/portaldocontribuinte.publicsoft.com.br\/sistemas\/PortalDoContribuinte\/views\/?url=Boletos\/pesquisarBoletosIptu.php#frameContent\" target=\"_blank\" rel=\"noreferrer noopener\">http:\/\/portaldocontribuinte.publicsoft.com.br\/sistemas\/PortalDoContribuinte\/views\/?url=Boletos\/pesquisarBoletosIptu.php#frameContent<\/a>O processo pode ser feito tanto por meio do computador, tablet e at\u00e9 mesmo via celular, o que facilita tamb\u00e9m o pagamento atrav\u00e9s do internet banking (pagamento via aplicativos banc\u00e1rios).Ap\u00f3s a data de vencimento, o valor cobrado ser\u00e1 o integral.<\/p>\n","protected":false},"excerpt":{"rendered":"<p>O prazo para efetuar o pagamento do Imposto Predial e Territorial Urbano (IPTU) 2019 de Monteiro, em cota \u00fanica e com desconto de 20%, se&hellip; <\/p>\n","protected":false},"author":1,"featured_media":101110,"comment_status":"closed","ping_status":"closed","sticky":false,"template":"","format":"standard","meta":{"sfsi_plus_gutenberg_text_before_share":"","sfsi_plus_gutenberg_show_text_before_share":"","sfsi_plus_gutenberg_icon_type":"","sfsi_plus_gutenberg_icon_alignemt":"","sfsi_plus_gutenburg_max_per_row":"","footnotes":""},"categories":[2],"tags":[],"class_list":["post-101109","post","type-post","status-publish","format-standard","has-post-thumbnail","hentry","category-geral"],"_links":{"self":[{"href":"https:\/\/www.caririemacao.com\/1\/wp-json\/wp\/v2\/posts\/101109","targetHints":{"allow":["GET"]}}],"collection":[{"href":"https:\/\/www.caririemacao.com\/1\/wp-json\/wp\/v2\/posts"}],"about":[{"href":"https:\/\/www.caririemacao.com\/1\/wp-json\/wp\/v2\/types\/post"}],"author":[{"embeddable":true,"href":"https:\/\/www.caririemacao.com\/1\/wp-json\/wp\/v2\/users\/1"}],"replies":[{"embeddable":true,"href":"https:\/\/www.caririemacao.com\/1\/wp-json\/wp\/v2\/comments?post=101109"}],"version-history":[{"count":1,"href":"https:\/\/www.caririemacao.com\/1\/wp-json\/wp\/v2\/posts\/101109\/revisions"}],"predecessor-version":[{"id":101111,"href":"https:\/\/www.caririemacao.com\/1\/wp-json\/wp\/v2\/posts\/101109\/revisions\/101111"}],"wp:featuredmedia":[{"embeddable":true,"href":"https:\/\/www.caririemacao.com\/1\/wp-json\/wp\/v2\/media\/101110"}],"wp:attachment":[{"href":"https:\/\/www.caririemacao.com\/1\/wp-json\/wp\/v2\/media?parent=101109"}],"wp:term":[{"taxonomy":"category","embeddable":true,"href":"https:\/\/www.caririemacao.com\/1\/wp-json\/wp\/v2\/categories?post=101109"},{"taxonomy":"post_tag","embeddable":true,"href":"https:\/\/www.caririemacao.com\/1\/wp-json\/wp\/v2\/tags?post=101109"}],"curies":[{"name":"wp","href":"https:\/\/api.w.org\/{rel}","templated":true}]}}