{"id":101119,"date":"2019-06-19T16:24:45","date_gmt":"2019-06-19T19:24:45","guid":{"rendered":"http:\/\/www.caririemacao.com\/1\/?p=101119"},"modified":"2019-06-19T16:24:45","modified_gmt":"2019-06-19T19:24:45","slug":"joao-azevedo-comemora-derrubada-de-decretos-das-armas-no-plenario-do-senado","status":"publish","type":"post","link":"https:\/\/www.caririemacao.com\/1\/2019\/06\/19\/joao-azevedo-comemora-derrubada-de-decretos-das-armas-no-plenario-do-senado\/","title":{"rendered":"Jo\u00e3o Azev\u00eado comemora derrubada de decretos das armas no plen\u00e1rio do Senado"},"content":{"rendered":"\n<p>O governador Jo\u00e3o Azev\u00eado comemorou a derrubada, pelo Senado, dos decretos que facilitam o porte de armas, que foi editado pelo presidente Jair Bolsonaro. Em entrevista coletiva nesta quarta-feira (19), Jo\u00e3o comentou que viu com extrema felicidade a decis\u00e3o do plen\u00e1rio do Senado Federal em aprovar o parecer para suspender os decretos.<\/p>\n\n\n\n<p>&nbsp;&#8220;Afinal de contas, eu acho que armar a popula\u00e7\u00e3o n\u00e3o vai resolver problema de seguran\u00e7a nenhum. Ao contr\u00e1rio, arma tem que estar na m\u00e3o de quem sabe usar e de quem est\u00e1 preparado para usar, que s\u00e3o exatamente as for\u00e7as de seguran\u00e7a&#8221;, considerou o governador Jo\u00e3o Azev\u00eado.<\/p>\n\n\n\n<p>Ele ainda ressaltou que no Estado da Para\u00edba &#8220;n\u00f3s fazemos apreens\u00e3o de mais de dez armas por dia, para que a gente possa manter constantemente em redu\u00e7\u00e3o estes n\u00fameros da viol\u00eancia&#8221;.<\/p>\n\n\n\n<p>Ap\u00f3s a decis\u00e3o do Senado, o texto seguir\u00e1 para an\u00e1lise da C\u00e2mara dos Deputados. Enquanto a C\u00e2mara n\u00e3o analisar o tema, as regras previstas nos decretos continuar\u00e3o valendo. O direito ao porte \u00e9 a autoriza\u00e7\u00e3o para transportar a arma fora de casa. \u00c9 diferente da posse, que s\u00f3 permite manter a arma dentro de casa.<\/p>\n","protected":false},"excerpt":{"rendered":"<p>O governador Jo\u00e3o Azev\u00eado comemorou a derrubada, pelo Senado, dos decretos que facilitam o porte de armas, que foi editado pelo presidente Jair Bolsonaro. Em&hellip; <\/p>\n","protected":false},"author":1,"featured_media":101120,"comment_status":"closed","ping_status":"closed","sticky":false,"template":"","format":"standard","meta":{"sfsi_plus_gutenberg_text_before_share":"","sfsi_plus_gutenberg_show_text_before_share":"","sfsi_plus_gutenberg_icon_type":"","sfsi_plus_gutenberg_icon_alignemt":"","sfsi_plus_gutenburg_max_per_row":"","footnotes":""},"categories":[11],"tags":[],"class_list":["post-101119","post","type-post","status-publish","format-standard","has-post-thumbnail","hentry","category-politica"],"_links":{"self":[{"href":"https:\/\/www.caririemacao.com\/1\/wp-json\/wp\/v2\/posts\/101119","targetHints":{"allow":["GET"]}}],"collection":[{"href":"https:\/\/www.caririemacao.com\/1\/wp-json\/wp\/v2\/posts"}],"about":[{"href":"https:\/\/www.caririemacao.com\/1\/wp-json\/wp\/v2\/types\/post"}],"author":[{"embeddable":true,"href":"https:\/\/www.caririemacao.com\/1\/wp-json\/wp\/v2\/users\/1"}],"replies":[{"embeddable":true,"href":"https:\/\/www.caririemacao.com\/1\/wp-json\/wp\/v2\/comments?post=101119"}],"version-history":[{"count":1,"href":"https:\/\/www.caririemacao.com\/1\/wp-json\/wp\/v2\/posts\/101119\/revisions"}],"predecessor-version":[{"id":101121,"href":"https:\/\/www.caririemacao.com\/1\/wp-json\/wp\/v2\/posts\/101119\/revisions\/101121"}],"wp:featuredmedia":[{"embeddable":true,"href":"https:\/\/www.caririemacao.com\/1\/wp-json\/wp\/v2\/media\/101120"}],"wp:attachment":[{"href":"https:\/\/www.caririemacao.com\/1\/wp-json\/wp\/v2\/media?parent=101119"}],"wp:term":[{"taxonomy":"category","embeddable":true,"href":"https:\/\/www.caririemacao.com\/1\/wp-json\/wp\/v2\/categories?post=101119"},{"taxonomy":"post_tag","embeddable":true,"href":"https:\/\/www.caririemacao.com\/1\/wp-json\/wp\/v2\/tags?post=101119"}],"curies":[{"name":"wp","href":"https:\/\/api.w.org\/{rel}","templated":true}]}}