{"id":101132,"date":"2019-06-19T16:34:55","date_gmt":"2019-06-19T19:34:55","guid":{"rendered":"http:\/\/www.caririemacao.com\/1\/?p=101132"},"modified":"2019-06-19T16:34:55","modified_gmt":"2019-06-19T19:34:55","slug":"bolsonaro-tira-articulacao-politica-de-onyx","status":"publish","type":"post","link":"https:\/\/www.caririemacao.com\/1\/2019\/06\/19\/bolsonaro-tira-articulacao-politica-de-onyx\/","title":{"rendered":"Bolsonaro tira articula\u00e7\u00e3o pol\u00edtica de Onyx"},"content":{"rendered":"\n<p>Uma Medida Provis\u00f3ria foi alterada pelo presidente Jair Bolsonaro, nesta quarta-feira (19), que promoveu a transfer\u00eancia da articula\u00e7\u00e3o pol\u00edtica, antes pertencente \u00e0 Casa Civil, para a Secretaria de Governo (Segov).<\/p>\n\n\n\n<p>A Secretaria ser\u00e1 liderada pelo general Luiz Eduardo Ramos, que substituir\u00e1 Carlos Alberto dos Santos Cruz. A mudan\u00e7a ocorre ap\u00f3s muitas derrotas do Governo no Congresso.<\/p>\n\n\n\n<p>Outra mudan\u00e7a foi da Subchefia para Assuntos Jur\u00eddicos, que sempre foi ligada \u00e0 Casa Civil e agora vai integrar a Secretaria-Geral da Presid\u00eancia, da qual o ministro Floriano Peixoto lidera. Conforme apurou o jornal O GLOBO, a assessoria do Pal\u00e1cio afirmou que a mudan\u00e7a ocorreu para que \u201ca verifica\u00e7\u00e3o da legalidade e constitucionalidade dos atos presidenciais esteja separada da estrutura de articula\u00e7\u00e3o pol\u00edtica e de coordena\u00e7\u00e3o das a\u00e7\u00f5es de governo\u201d.<\/p>\n\n\n\n<p><strong>MaisPB<\/strong><\/p>\n","protected":false},"excerpt":{"rendered":"<p>Uma Medida Provis\u00f3ria foi alterada pelo presidente Jair Bolsonaro, nesta quarta-feira (19), que promoveu a transfer\u00eancia da articula\u00e7\u00e3o pol\u00edtica, antes pertencente \u00e0 Casa Civil, para&hellip; <\/p>\n","protected":false},"author":1,"featured_media":101133,"comment_status":"closed","ping_status":"closed","sticky":false,"template":"","format":"standard","meta":{"sfsi_plus_gutenberg_text_before_share":"","sfsi_plus_gutenberg_show_text_before_share":"","sfsi_plus_gutenberg_icon_type":"","sfsi_plus_gutenberg_icon_alignemt":"","sfsi_plus_gutenburg_max_per_row":"","footnotes":""},"categories":[11],"tags":[],"class_list":["post-101132","post","type-post","status-publish","format-standard","has-post-thumbnail","hentry","category-politica"],"_links":{"self":[{"href":"https:\/\/www.caririemacao.com\/1\/wp-json\/wp\/v2\/posts\/101132","targetHints":{"allow":["GET"]}}],"collection":[{"href":"https:\/\/www.caririemacao.com\/1\/wp-json\/wp\/v2\/posts"}],"about":[{"href":"https:\/\/www.caririemacao.com\/1\/wp-json\/wp\/v2\/types\/post"}],"author":[{"embeddable":true,"href":"https:\/\/www.caririemacao.com\/1\/wp-json\/wp\/v2\/users\/1"}],"replies":[{"embeddable":true,"href":"https:\/\/www.caririemacao.com\/1\/wp-json\/wp\/v2\/comments?post=101132"}],"version-history":[{"count":1,"href":"https:\/\/www.caririemacao.com\/1\/wp-json\/wp\/v2\/posts\/101132\/revisions"}],"predecessor-version":[{"id":101134,"href":"https:\/\/www.caririemacao.com\/1\/wp-json\/wp\/v2\/posts\/101132\/revisions\/101134"}],"wp:featuredmedia":[{"embeddable":true,"href":"https:\/\/www.caririemacao.com\/1\/wp-json\/wp\/v2\/media\/101133"}],"wp:attachment":[{"href":"https:\/\/www.caririemacao.com\/1\/wp-json\/wp\/v2\/media?parent=101132"}],"wp:term":[{"taxonomy":"category","embeddable":true,"href":"https:\/\/www.caririemacao.com\/1\/wp-json\/wp\/v2\/categories?post=101132"},{"taxonomy":"post_tag","embeddable":true,"href":"https:\/\/www.caririemacao.com\/1\/wp-json\/wp\/v2\/tags?post=101132"}],"curies":[{"name":"wp","href":"https:\/\/api.w.org\/{rel}","templated":true}]}}