{"id":101137,"date":"2019-06-19T16:43:16","date_gmt":"2019-06-19T19:43:16","guid":{"rendered":"http:\/\/www.caririemacao.com\/1\/?p=101137"},"modified":"2019-06-19T16:43:16","modified_gmt":"2019-06-19T19:43:16","slug":"senador-diz-que-moro-cassou-votos-de-milhoes-de-brasileiros-e-sugere-que-peca-demissao","status":"publish","type":"post","link":"https:\/\/www.caririemacao.com\/1\/2019\/06\/19\/senador-diz-que-moro-cassou-votos-de-milhoes-de-brasileiros-e-sugere-que-peca-demissao\/","title":{"rendered":"Senador diz que Moro \u2018cassou\u2019 votos de milh\u00f5es de brasileiros e sugere que pe\u00e7a demiss\u00e3o"},"content":{"rendered":"\n<p>O senador Humberto Costa (PT-PE) participou de uma sabatina com o ministro da Justi\u00e7a, S\u00e9rgio Moro, na manh\u00e3 desta quarta-feira (18), onde cobrou do ministro esclarecimentos por sua conduta escusa com os procuradores da opera\u00e7\u00e3o Lava Jato. Durante sua fala, o parlamentar pediu a demiss\u00e3o de Moro e disparou: \u201cvoc\u00ea cassou o voto de milh\u00f5es de brasileiros\u201d.<\/p>\n\n\n\n<p>Ele rebateu as falas de Moro \u201cde que estava sendo v\u00edtima de sensacionalismo\u201d. \u201cSensacionalismo? Mais sensacionalismo do que ocorreu durante a Lava Jato? Com os vazamentos para a imprensa?\u201d, indagou.<\/p>\n\n\n\n<p>Costa tamb\u00e9m defendeu a conduta de Gleen Greenwald, editor do site The Intercept e respons\u00e1vel pelo vazamento das mensagens. \u201cO jornalista n\u00e3o \u00e9 nenhum foca e j\u00e1 ganhou um pr\u00eamio pulitzer, lidava com Edward Snowden , com a NSA \u2018(Ag\u00eancia de Seguran\u00e7a Nacional\u2019 estadunidense)\u201d , relembra.<\/p>\n\n\n\n<p>O parlamentar seguiu com seus questionamentos: \u201cele chefiou a Lava Jato, ele trocou procuradores, cobrou opera\u00e7\u00f5es, selecionou quem deveria ser perseguido, ele rasgou leis, c\u00f3digos de \u00e9ticas e condutas, transgrediu tudo. A que projeto pol\u00edtico o ex-juiz servia?\u201d. Com informa\u00e7\u00f5es do&nbsp;<strong><a href=\"https:\/\/www.brasil247.com\/brasil\/humberto-costa-pede-demissao-de-moro-voc\">Brasil 247<\/a><\/strong>.<\/p>\n\n\n\n<p><strong>Veja:<\/strong><\/p>\n\n\n\n<figure class=\"wp-block-image\"><img decoding=\"async\" src=\"https:\/\/pbs.twimg.com\/ext_tw_video_thumb\/1141364662665170946\/pu\/img\/OdQ3m3VzYemjaQmt?format=jpg&amp;name=small\" alt=\"V\u00eddeo incorporado\"\/><\/figure>\n","protected":false},"excerpt":{"rendered":"<p>O senador Humberto Costa (PT-PE) participou de uma sabatina com o ministro da Justi\u00e7a, S\u00e9rgio Moro, na manh\u00e3 desta quarta-feira (18), onde cobrou do ministro&hellip; <\/p>\n","protected":false},"author":1,"featured_media":101138,"comment_status":"closed","ping_status":"closed","sticky":false,"template":"","format":"standard","meta":{"sfsi_plus_gutenberg_text_before_share":"","sfsi_plus_gutenberg_show_text_before_share":"","sfsi_plus_gutenberg_icon_type":"","sfsi_plus_gutenberg_icon_alignemt":"","sfsi_plus_gutenburg_max_per_row":"","footnotes":""},"categories":[11],"tags":[],"class_list":["post-101137","post","type-post","status-publish","format-standard","has-post-thumbnail","hentry","category-politica"],"_links":{"self":[{"href":"https:\/\/www.caririemacao.com\/1\/wp-json\/wp\/v2\/posts\/101137","targetHints":{"allow":["GET"]}}],"collection":[{"href":"https:\/\/www.caririemacao.com\/1\/wp-json\/wp\/v2\/posts"}],"about":[{"href":"https:\/\/www.caririemacao.com\/1\/wp-json\/wp\/v2\/types\/post"}],"author":[{"embeddable":true,"href":"https:\/\/www.caririemacao.com\/1\/wp-json\/wp\/v2\/users\/1"}],"replies":[{"embeddable":true,"href":"https:\/\/www.caririemacao.com\/1\/wp-json\/wp\/v2\/comments?post=101137"}],"version-history":[{"count":1,"href":"https:\/\/www.caririemacao.com\/1\/wp-json\/wp\/v2\/posts\/101137\/revisions"}],"predecessor-version":[{"id":101139,"href":"https:\/\/www.caririemacao.com\/1\/wp-json\/wp\/v2\/posts\/101137\/revisions\/101139"}],"wp:featuredmedia":[{"embeddable":true,"href":"https:\/\/www.caririemacao.com\/1\/wp-json\/wp\/v2\/media\/101138"}],"wp:attachment":[{"href":"https:\/\/www.caririemacao.com\/1\/wp-json\/wp\/v2\/media?parent=101137"}],"wp:term":[{"taxonomy":"category","embeddable":true,"href":"https:\/\/www.caririemacao.com\/1\/wp-json\/wp\/v2\/categories?post=101137"},{"taxonomy":"post_tag","embeddable":true,"href":"https:\/\/www.caririemacao.com\/1\/wp-json\/wp\/v2\/tags?post=101137"}],"curies":[{"name":"wp","href":"https:\/\/api.w.org\/{rel}","templated":true}]}}