{"id":101142,"date":"2019-06-19T16:47:37","date_gmt":"2019-06-19T19:47:37","guid":{"rendered":"http:\/\/www.caririemacao.com\/1\/?p=101142"},"modified":"2019-06-19T16:47:37","modified_gmt":"2019-06-19T19:47:37","slug":"sancionada-lei-que-impede-empresas-investigadas-em-processos-criminais-de-participar-de-licitacoes-na-paraiba","status":"publish","type":"post","link":"https:\/\/www.caririemacao.com\/1\/2019\/06\/19\/sancionada-lei-que-impede-empresas-investigadas-em-processos-criminais-de-participar-de-licitacoes-na-paraiba\/","title":{"rendered":"Sancionada lei que impede empresas investigadas em processos criminais de participar de licita\u00e7\u00f5es na Para\u00edba"},"content":{"rendered":"\n<p>Empresas investigadas em processos criminais&nbsp;est\u00e3o proibidas de participar&nbsp;de licita\u00e7\u00f5es&nbsp;p\u00fablicas&nbsp;na Para\u00edba. \u00c9 o que prev\u00ea a lei n\u00ba 11.365, que foi sancionada pelo governador Jo\u00e3o Azev\u00eado e divulgada no&nbsp;<a href=\"https:\/\/auniao.pb.gov.br\/servicos\/arquivo-digital\/doe\/2019\/junho\/diario-oficial-19-06-2019.pdf\">Di\u00e1rio Oficial do Estado (DOE)<\/a>&nbsp;desta quarta-feira (19). Ela entra em vigor no prazo de 90 dias da data da publica\u00e7\u00e3o.&nbsp;A&nbsp;lei \u00e9 de&nbsp;autoria do deputado estadual Eduardo Carneiro (PRTB).<\/p>\n\n\n\n<p>A lei aplica uma exce\u00e7\u00e3o&nbsp;\u00e0 regra para os casos de acordo de leni\u00eancia. As pessoas jur\u00eddicas que estiveram inclu\u00eddas em processos de investiga\u00e7\u00e3o e portanto fecharem dela\u00e7\u00f5es, podem participar dos processos licitat\u00f3rios estaduais.<\/p>\n\n\n\n<p>Segundo o texto da nova lei, fica impedido de participar&nbsp;de licita\u00e7\u00f5es as pessoas jur\u00eddicas envolvidas em a\u00e7\u00f5es criminais contra a administra\u00e7\u00e3o p\u00fablica. Os \u00f3rg\u00e3os da administra\u00e7\u00e3o p\u00fablica direta e indireta do Estado da Para\u00edba devem verificar se as empresas interessadas em participar dos procedimentos licitat\u00f3rios do poder p\u00fablico estadual possuem, em seus quadros societ\u00e1rios, s\u00f3cios com condena\u00e7\u00e3o por crimes praticados contra a administra\u00e7\u00e3o p\u00fablica, em decis\u00e3o confirmada por \u00f3rg\u00e3o judicial colegiado.<\/p>\n\n\n\n<p>Al\u00e9m disso, a lei prev\u00ea que a&nbsp;pessoa que tomar conhecimento de qualquer ilegalidades nesse contexto poder\u00e1 encaminhar informa\u00e7\u00f5es do fato aos \u00f3rg\u00e3os de controle interno e externo competente.<\/p>\n\n\n\n<figure class=\"wp-block-image\"><img decoding=\"async\" data-src=\"https:\/\/www.clickpb.com.br\/media\/filer_public\/b6\/58\/b658a451-64e5-4814-a0f4-2ff7ce68c42a\/lei.png\" alt=\"\" src=\"data:image\/svg+xml;base64,PHN2ZyB3aWR0aD0iMSIgaGVpZ2h0PSIxIiB4bWxucz0iaHR0cDovL3d3dy53My5vcmcvMjAwMC9zdmciPjwvc3ZnPg==\" class=\"lazyload\" \/><\/figure>\n","protected":false},"excerpt":{"rendered":"<p>Empresas investigadas em processos criminais&nbsp;est\u00e3o proibidas de participar&nbsp;de licita\u00e7\u00f5es&nbsp;p\u00fablicas&nbsp;na Para\u00edba. \u00c9 o que prev\u00ea a lei n\u00ba 11.365, que foi sancionada pelo governador Jo\u00e3o Azev\u00eado&hellip; <\/p>\n","protected":false},"author":1,"featured_media":99189,"comment_status":"closed","ping_status":"closed","sticky":false,"template":"","format":"standard","meta":{"sfsi_plus_gutenberg_text_before_share":"","sfsi_plus_gutenberg_show_text_before_share":"","sfsi_plus_gutenberg_icon_type":"","sfsi_plus_gutenberg_icon_alignemt":"","sfsi_plus_gutenburg_max_per_row":"","footnotes":""},"categories":[11],"tags":[],"class_list":["post-101142","post","type-post","status-publish","format-standard","has-post-thumbnail","hentry","category-politica"],"_links":{"self":[{"href":"https:\/\/www.caririemacao.com\/1\/wp-json\/wp\/v2\/posts\/101142","targetHints":{"allow":["GET"]}}],"collection":[{"href":"https:\/\/www.caririemacao.com\/1\/wp-json\/wp\/v2\/posts"}],"about":[{"href":"https:\/\/www.caririemacao.com\/1\/wp-json\/wp\/v2\/types\/post"}],"author":[{"embeddable":true,"href":"https:\/\/www.caririemacao.com\/1\/wp-json\/wp\/v2\/users\/1"}],"replies":[{"embeddable":true,"href":"https:\/\/www.caririemacao.com\/1\/wp-json\/wp\/v2\/comments?post=101142"}],"version-history":[{"count":1,"href":"https:\/\/www.caririemacao.com\/1\/wp-json\/wp\/v2\/posts\/101142\/revisions"}],"predecessor-version":[{"id":101144,"href":"https:\/\/www.caririemacao.com\/1\/wp-json\/wp\/v2\/posts\/101142\/revisions\/101144"}],"wp:featuredmedia":[{"embeddable":true,"href":"https:\/\/www.caririemacao.com\/1\/wp-json\/wp\/v2\/media\/99189"}],"wp:attachment":[{"href":"https:\/\/www.caririemacao.com\/1\/wp-json\/wp\/v2\/media?parent=101142"}],"wp:term":[{"taxonomy":"category","embeddable":true,"href":"https:\/\/www.caririemacao.com\/1\/wp-json\/wp\/v2\/categories?post=101142"},{"taxonomy":"post_tag","embeddable":true,"href":"https:\/\/www.caririemacao.com\/1\/wp-json\/wp\/v2\/tags?post=101142"}],"curies":[{"name":"wp","href":"https:\/\/api.w.org\/{rel}","templated":true}]}}