{"id":101147,"date":"2019-06-19T16:54:08","date_gmt":"2019-06-19T19:54:08","guid":{"rendered":"http:\/\/www.caririemacao.com\/1\/?p=101147"},"modified":"2019-06-19T16:54:08","modified_gmt":"2019-06-19T19:54:08","slug":"moro-nega-existencia-de-acordo-para-assumir-vaga-no-stf","status":"publish","type":"post","link":"https:\/\/www.caririemacao.com\/1\/2019\/06\/19\/moro-nega-existencia-de-acordo-para-assumir-vaga-no-stf\/","title":{"rendered":"Moro nega exist\u00eancia de acordo para assumir vaga no STF"},"content":{"rendered":"\n<p>O ministro da Justi\u00e7a e Seguran\u00e7a P\u00fablica, Sergio Moro, chamou&nbsp;hoje&nbsp;(19) de \u201cfantasia\u201d as afirma\u00e7\u00f5es de que haveria um acordo, entre ele e o presidente Jair Bolsonaro, para que fosse indicado a uma vaga no Supremo Tribunal Federal (STF).<\/p>\n\n\n\n<p>Moro participa de audi\u00eancia p\u00fablica na Comiss\u00e3o de Constitui\u00e7\u00e3o, Justi\u00e7a e Cidadania (CCJ) do Senado. Na reuni\u00e3o, o ministro disse que s\u00f3 conheceu Bolsonaro ap\u00f3s o resultado das elei\u00e7\u00f5es presidenciais de 2018 e que n\u00e3o havia imposto nenhuma condi\u00e7\u00e3o ou recebido convite do presidente a respeito de uma vaga no STF.<\/p>\n\n\n\n<p>\u201cTodas as especula\u00e7\u00f5es de que eu teria sido convidado l\u00e1 atr\u00e1s pelo presidente Jair Bolsonaro, que proferi a senten\u00e7a pensando em vaga no STF&#8230; Eu n\u00e3o conhecia o presidente Bolsonaro\u201d, disse Moro. \u201cEssa hist\u00f3ria de vaga no Supremo \u00e9 uma fantasia, o que me parece \u00e9 que ele [o presidente] se sente ou sentiu com uma esp\u00e9cie de compromisso, mas essa \u00e9 uma quest\u00e3o que n\u00e3o existe. N\u00e3o sei se ele vai oferecer, se eu vou aceitar, isso \u00e9 uma quest\u00e3o que n\u00e3o est\u00e1 posta\u201d, acrescentou.<\/p>\n\n\n\n<p>O ministro disse ainda que aceitou o convite para ocupar um posto no governo federal em novembro de 2018, com o prop\u00f3sito de consolidar o trabalho que vinha sendo realizado pela for\u00e7a-tarefa da Lava Jato, que apura casos de corrup\u00e7\u00e3o. Moro voltou a negar&nbsp;ter&nbsp;solicitado que o Conselho de Controle de Atividades Financeiras (Coaf) ficasse na estrutura do Minist\u00e9rio da Justi\u00e7a. O \u00f3rg\u00e3o chegou a ficar sob responsabilidade da Justi\u00e7a, mas foi devolvida ao Minist\u00e9rio da Economia. \u201cO Coaf me foi oferecido, eu n\u00e3o pedi. Eu n\u00e3o tinha pedido, mas achei que era oportuno\u201d, afirmou.&nbsp;<\/p>\n\n\n\n<p>O governo federal pretende transformar o Coaf em uma ag\u00eancia de investiga\u00e7\u00e3o para atuar na preven\u00e7\u00e3o e combate \u00e0 corrup\u00e7\u00e3o a partir do cruzamento de dados financeiros.<\/p>\n\n\n\n<p>Durante a audi\u00eancia, o ministro foi questionado sobre sua conduta \u00e0&nbsp;frente do julgamento, em Curitiba, de a\u00e7\u00f5es contra r\u00e9us investigados na Opera\u00e7\u00e3o Lava Jato. Os questionamentos s\u00e3o reflexo da repercuss\u00e3o da divulga\u00e7\u00e3o, pelo&nbsp;<em>site<\/em>&nbsp;The Intercept Brasil, de supostas conversas que Moro teria mantido com integrantes da for\u00e7a-tarefa da Lava Jato quando ainda era juiz da 13\u00aa Vara da Justi\u00e7a Federal, em Curitiba.<\/p>\n\n\n\n<p>C\u00f3pias das supostas conversas mantidas por meio de um aplicativo de troca de mensagens por celular, o Telegram, foram entregues por uma fonte an\u00f4nima ao The Intercept Brasil, que, desde o dia&nbsp;9 de junho, vem publicando reportagens com base nos di\u00e1logos atribu\u00eddos ao ministro e a procuradores, principalmente o coordenador da for\u00e7a-tarefa da Lava Jato, Deltan Dallagnol.<\/p>\n\n\n\n<p>Em diversas ocasi\u00f5es, Moro disse n\u00e3o se recordar das mensagens e criticou o vazamento das conversas. \u201cN\u00e3o me recordo o que eu enviei no m\u00eas passado. N\u00e3o posso afirmar com plena convic\u00e7\u00e3o de que eu tenha dito o que est\u00e3o divulgando, n\u00e3o estou dizendo que essas afirma\u00e7\u00f5es s\u00e3o verdadeiras. Elas podem&nbsp;ter&nbsp;sido adulteradas\u201d, afirmou.<\/p>\n\n\n\n<p>Hoje&nbsp;Moro disse acreditar que h\u00e1 um grupo criminoso organizado por tr\u00e1s da divulga\u00e7\u00e3o das supostas conversas. \u201cQuem faz estas opera\u00e7\u00f5es de contraintelig\u00eancia n\u00e3o \u00e9 um adolescente com espinhas na cara, na frente de um computador, mas sim um criminoso estruturado\u201d, declarou Moro, cobrando que a equipe do&nbsp;<em>site<\/em>&nbsp;The Intercept Brasil entregue todo o conte\u00fado a que teve acesso \u00e0s autoridades competentes em que confie para que seja apurada a autenticidade dos arquivos. O ministro disse que entregou o celular pessoal \u00e0 Pol\u00edcia Federal t\u00e3o logo percebeu que pode&nbsp;ter&nbsp;sido alvo de ataques a seu aparelho.<\/p>\n","protected":false},"excerpt":{"rendered":"<p>O ministro da Justi\u00e7a e Seguran\u00e7a P\u00fablica, Sergio Moro, chamou&nbsp;hoje&nbsp;(19) de \u201cfantasia\u201d as afirma\u00e7\u00f5es de que haveria um acordo, entre ele e o presidente Jair&hellip; <\/p>\n","protected":false},"author":1,"featured_media":101148,"comment_status":"closed","ping_status":"closed","sticky":false,"template":"","format":"standard","meta":{"sfsi_plus_gutenberg_text_before_share":"","sfsi_plus_gutenberg_show_text_before_share":"","sfsi_plus_gutenberg_icon_type":"","sfsi_plus_gutenberg_icon_alignemt":"","sfsi_plus_gutenburg_max_per_row":"","footnotes":""},"categories":[11],"tags":[],"class_list":["post-101147","post","type-post","status-publish","format-standard","has-post-thumbnail","hentry","category-politica"],"_links":{"self":[{"href":"https:\/\/www.caririemacao.com\/1\/wp-json\/wp\/v2\/posts\/101147","targetHints":{"allow":["GET"]}}],"collection":[{"href":"https:\/\/www.caririemacao.com\/1\/wp-json\/wp\/v2\/posts"}],"about":[{"href":"https:\/\/www.caririemacao.com\/1\/wp-json\/wp\/v2\/types\/post"}],"author":[{"embeddable":true,"href":"https:\/\/www.caririemacao.com\/1\/wp-json\/wp\/v2\/users\/1"}],"replies":[{"embeddable":true,"href":"https:\/\/www.caririemacao.com\/1\/wp-json\/wp\/v2\/comments?post=101147"}],"version-history":[{"count":1,"href":"https:\/\/www.caririemacao.com\/1\/wp-json\/wp\/v2\/posts\/101147\/revisions"}],"predecessor-version":[{"id":101149,"href":"https:\/\/www.caririemacao.com\/1\/wp-json\/wp\/v2\/posts\/101147\/revisions\/101149"}],"wp:featuredmedia":[{"embeddable":true,"href":"https:\/\/www.caririemacao.com\/1\/wp-json\/wp\/v2\/media\/101148"}],"wp:attachment":[{"href":"https:\/\/www.caririemacao.com\/1\/wp-json\/wp\/v2\/media?parent=101147"}],"wp:term":[{"taxonomy":"category","embeddable":true,"href":"https:\/\/www.caririemacao.com\/1\/wp-json\/wp\/v2\/categories?post=101147"},{"taxonomy":"post_tag","embeddable":true,"href":"https:\/\/www.caririemacao.com\/1\/wp-json\/wp\/v2\/tags?post=101147"}],"curies":[{"name":"wp","href":"https:\/\/api.w.org\/{rel}","templated":true}]}}