{"id":101159,"date":"2019-06-20T06:36:56","date_gmt":"2019-06-20T09:36:56","guid":{"rendered":"http:\/\/www.caririemacao.com\/1\/?p=101159"},"modified":"2019-06-20T06:36:56","modified_gmt":"2019-06-20T09:36:56","slug":"prefeita-de-monteiro-entrega-reforma-e-modernizacao-do-acougue-publico","status":"publish","type":"post","link":"https:\/\/www.caririemacao.com\/1\/2019\/06\/20\/prefeita-de-monteiro-entrega-reforma-e-modernizacao-do-acougue-publico\/","title":{"rendered":"Prefeita de Monteiro entrega reforma e moderniza\u00e7\u00e3o do a\u00e7ougue p\u00fablico"},"content":{"rendered":"\n<p>A prefeita Anna Lorena entregou na manh\u00e3 desta quarta-feira (19), a reforma e moderniza\u00e7\u00e3o do A\u00e7ougue do P\u00fablico de Monteiro, denominado de Manoel Teot\u00f4nio Torres (Manoel Am\u00e2ncio), al\u00e9m da entrega de fardamento para a\u00e7ougueiros, marchantes e funcion\u00e1rios dos respectivos locais.<\/p>\n\n\n\n<p>Durante seu discurso, Anna Lorena destacou que a gest\u00e3o tem buscado cada vez mais melhorar a infraestrutura da cidade, e a reforma do A\u00e7ougue P\u00fablico \u00e9 mais um exemplo dessa transforma\u00e7\u00e3o que a gest\u00e3o municipal tem feito, al\u00e9m de tantas outras a\u00e7\u00f5es realizadas por todo munic\u00edpio.<\/p>\n\n\n\n<p>O Secret\u00e1rio de Administra\u00e7\u00e3o do munic\u00edpio, Zilson Rom\u00e3o, afirmou que a prefeitura municipal realizou uma completa moderniza\u00e7\u00e3o no a\u00e7ougue com melhorias em todas as a\u00e9reas, para melhor atender os usu\u00e1rios dos locais.<\/p>\n\n\n\n<div class=\"wp-block-image\"><figure class=\"alignleft\"><img decoding=\"async\" data-src=\"https:\/\/i0.wp.com\/www.vitrinedocariri.com.br\/wp-content\/uploads\/2019\/06\/005-15.jpg?zoom=2&amp;resize=330%2C220&amp;ssl=1\" alt=\"\" class=\"wp-image-46565 lazyload\" src=\"data:image\/svg+xml;base64,PHN2ZyB3aWR0aD0iMSIgaGVpZ2h0PSIxIiB4bWxucz0iaHR0cDovL3d3dy53My5vcmcvMjAwMC9zdmciPjwvc3ZnPg==\" \/><\/figure><\/div>\n\n\n\n<p>Foi realizada uma reforma total da parte el\u00e9trica com coloca\u00e7\u00e3o de lumin\u00e1rias modernas, coloca\u00e7\u00e3o de cer\u00e2mica em todas as tarimbas (box) de comercializa\u00e7\u00e3o, pintura interna e externa do pr\u00e9dio, reforma dos banheiros com coloca\u00e7\u00e3o de pias externas e almoxarife.<\/p>\n\n\n\n<p>Al\u00e9m da prefeita Anna Lorena e do Secret\u00e1rio Zilson Rom\u00e3o, estiveram presentes familiares do homenageado, os vereadores Caj\u00f3 Menezes, Ant\u00f4nio de Melo Sobrinho, Sargento Farias e Raul Formiga, auxiliares da gest\u00e3o, marchantes, a\u00e7ougueiros, que comercializam no local, e p\u00fablico em geral.<\/p>\n","protected":false},"excerpt":{"rendered":"<p>A prefeita Anna Lorena entregou na manh\u00e3 desta quarta-feira (19), a reforma e moderniza\u00e7\u00e3o do A\u00e7ougue do P\u00fablico de Monteiro, denominado de Manoel Teot\u00f4nio Torres&hellip; <\/p>\n","protected":false},"author":1,"featured_media":101160,"comment_status":"closed","ping_status":"closed","sticky":false,"template":"","format":"standard","meta":{"sfsi_plus_gutenberg_text_before_share":"","sfsi_plus_gutenberg_show_text_before_share":"","sfsi_plus_gutenberg_icon_type":"","sfsi_plus_gutenberg_icon_alignemt":"","sfsi_plus_gutenburg_max_per_row":"","footnotes":""},"categories":[6],"tags":[],"class_list":["post-101159","post","type-post","status-publish","format-standard","has-post-thumbnail","hentry","category-cidades"],"_links":{"self":[{"href":"https:\/\/www.caririemacao.com\/1\/wp-json\/wp\/v2\/posts\/101159","targetHints":{"allow":["GET"]}}],"collection":[{"href":"https:\/\/www.caririemacao.com\/1\/wp-json\/wp\/v2\/posts"}],"about":[{"href":"https:\/\/www.caririemacao.com\/1\/wp-json\/wp\/v2\/types\/post"}],"author":[{"embeddable":true,"href":"https:\/\/www.caririemacao.com\/1\/wp-json\/wp\/v2\/users\/1"}],"replies":[{"embeddable":true,"href":"https:\/\/www.caririemacao.com\/1\/wp-json\/wp\/v2\/comments?post=101159"}],"version-history":[{"count":1,"href":"https:\/\/www.caririemacao.com\/1\/wp-json\/wp\/v2\/posts\/101159\/revisions"}],"predecessor-version":[{"id":101161,"href":"https:\/\/www.caririemacao.com\/1\/wp-json\/wp\/v2\/posts\/101159\/revisions\/101161"}],"wp:featuredmedia":[{"embeddable":true,"href":"https:\/\/www.caririemacao.com\/1\/wp-json\/wp\/v2\/media\/101160"}],"wp:attachment":[{"href":"https:\/\/www.caririemacao.com\/1\/wp-json\/wp\/v2\/media?parent=101159"}],"wp:term":[{"taxonomy":"category","embeddable":true,"href":"https:\/\/www.caririemacao.com\/1\/wp-json\/wp\/v2\/categories?post=101159"},{"taxonomy":"post_tag","embeddable":true,"href":"https:\/\/www.caririemacao.com\/1\/wp-json\/wp\/v2\/tags?post=101159"}],"curies":[{"name":"wp","href":"https:\/\/api.w.org\/{rel}","templated":true}]}}