{"id":101165,"date":"2019-06-20T06:39:04","date_gmt":"2019-06-20T09:39:04","guid":{"rendered":"http:\/\/www.caririemacao.com\/1\/?p=101165"},"modified":"2019-06-20T06:39:04","modified_gmt":"2019-06-20T09:39:04","slug":"laeb-entrega-mudas-par-agricultores-familiares-do-cariri","status":"publish","type":"post","link":"https:\/\/www.caririemacao.com\/1\/2019\/06\/20\/laeb-entrega-mudas-par-agricultores-familiares-do-cariri\/","title":{"rendered":"LAEB entrega mudas par agricultores familiares do Cariri"},"content":{"rendered":"\n<p>O Laborat\u00f3rio de Ecologia e Bot\u00e2nica do Centro de Desenvolvimento Sustent\u00e1vel do Semi\u00e1rido da UFCG atrav\u00e9s de parceria com a Embrapa, realizou entrega de mudas nativas como parte das atividades do Projeto Algod\u00e3o em Cons\u00f3cios Agroecol\u00f3gicos.<\/p>\n\n\n\n<p>As mudas foram distribu\u00eddas para agricultores familiares das localidades: Vila Lafayette e S\u00edtio Angiquinho \u2013 em Monteiro-PB, Assentamento Mata &#8211; Amparo-PB, Assentamento Z\u00e9 Marcolino &#8211; Prata-PB, Comunidade Cacimbinha &#8211; S\u00e3o Jo\u00e3o do Tigre-PB e no Assentamento Cacimba de Cavalo \u2013 Livramento-PB.<\/p>\n\n\n\n<p>\u201cFicamos muito felizes e gratos por essa nova parceria com EMBRAPA, para somar esfor\u00e7os em prol do meio ambiente\u201d, disse a coordenadora do LAEB, professora Alecksandra Lacerda.<\/p>\n\n\n\n<p>Assimp CDSA\/UFCG<\/p>\n","protected":false},"excerpt":{"rendered":"<p>O Laborat\u00f3rio de Ecologia e Bot\u00e2nica do Centro de Desenvolvimento Sustent\u00e1vel do Semi\u00e1rido da UFCG atrav\u00e9s de parceria com a Embrapa, realizou entrega de mudas&hellip; <\/p>\n","protected":false},"author":1,"featured_media":101166,"comment_status":"closed","ping_status":"closed","sticky":false,"template":"","format":"standard","meta":{"sfsi_plus_gutenberg_text_before_share":"","sfsi_plus_gutenberg_show_text_before_share":"","sfsi_plus_gutenberg_icon_type":"","sfsi_plus_gutenberg_icon_alignemt":"","sfsi_plus_gutenburg_max_per_row":"","footnotes":""},"categories":[2],"tags":[],"class_list":["post-101165","post","type-post","status-publish","format-standard","has-post-thumbnail","hentry","category-geral"],"_links":{"self":[{"href":"https:\/\/www.caririemacao.com\/1\/wp-json\/wp\/v2\/posts\/101165","targetHints":{"allow":["GET"]}}],"collection":[{"href":"https:\/\/www.caririemacao.com\/1\/wp-json\/wp\/v2\/posts"}],"about":[{"href":"https:\/\/www.caririemacao.com\/1\/wp-json\/wp\/v2\/types\/post"}],"author":[{"embeddable":true,"href":"https:\/\/www.caririemacao.com\/1\/wp-json\/wp\/v2\/users\/1"}],"replies":[{"embeddable":true,"href":"https:\/\/www.caririemacao.com\/1\/wp-json\/wp\/v2\/comments?post=101165"}],"version-history":[{"count":1,"href":"https:\/\/www.caririemacao.com\/1\/wp-json\/wp\/v2\/posts\/101165\/revisions"}],"predecessor-version":[{"id":101167,"href":"https:\/\/www.caririemacao.com\/1\/wp-json\/wp\/v2\/posts\/101165\/revisions\/101167"}],"wp:featuredmedia":[{"embeddable":true,"href":"https:\/\/www.caririemacao.com\/1\/wp-json\/wp\/v2\/media\/101166"}],"wp:attachment":[{"href":"https:\/\/www.caririemacao.com\/1\/wp-json\/wp\/v2\/media?parent=101165"}],"wp:term":[{"taxonomy":"category","embeddable":true,"href":"https:\/\/www.caririemacao.com\/1\/wp-json\/wp\/v2\/categories?post=101165"},{"taxonomy":"post_tag","embeddable":true,"href":"https:\/\/www.caririemacao.com\/1\/wp-json\/wp\/v2\/tags?post=101165"}],"curies":[{"name":"wp","href":"https:\/\/api.w.org\/{rel}","templated":true}]}}