{"id":101176,"date":"2019-06-20T06:44:44","date_gmt":"2019-06-20T09:44:44","guid":{"rendered":"http:\/\/www.caririemacao.com\/1\/?p=101176"},"modified":"2019-06-20T06:44:44","modified_gmt":"2019-06-20T09:44:44","slug":"divulgado-gabarito-final-do-concurso-do-ifpb","status":"publish","type":"post","link":"https:\/\/www.caririemacao.com\/1\/2019\/06\/20\/divulgado-gabarito-final-do-concurso-do-ifpb\/","title":{"rendered":"Divulgado gabarito final do concurso do IFPB"},"content":{"rendered":"\n<p>O Idecan (Instituto de Desenvolvimento Educacional, Cultural e Assistencial Nacional), divulgou o gabarito final e oficial do concurso para servidores t\u00e9cnico-administrativos do Instituto Federal da Para\u00edba (IFPB) nesta quarta-feira (19).<\/p>\n\n\n\n<p><a href=\"https:\/\/www.clickpb.com.br\/media\/filer_public\/2d\/ce\/2dce44c2-c8f2-4792-9e2e-5ba5b4d83305\/gabarito.pdf\">Confira aqui<\/a>.<\/p>\n\n\n\n<p>O resultado dos recursos julgados procedentes tamb\u00e9m estava previsto para ser divulgado hoje no site do IDECAN.&nbsp;<a href=\"http:\/\/www.idecan.org.br\/getConc.aspx?key=ZPQG6x47hGw=\">Confira aqui<\/a>.<\/p>\n\n\n\n<p>O concurso teve as provas objetivas aplicadas no dia 19 de maio. Ao todo s\u00e3o oferecidas 38 vagas, sendo 36 para o cargo t\u00e9cnico-administrativo e duas vagas&nbsp; para t\u00e9cnico-administrativos (tradutor e int\u00e9rprete). Os sal\u00e1rios v\u00e3o de R$ 1.945,07 a R$ 4.180,66.&nbsp;<\/p>\n\n\n\n<p>O concurso p\u00fablico do IFPB teve registro de 10.483 candidatos faltosos, 31,4% do total de inscritos, que foi de 33.432.&nbsp;<\/p>\n\n\n\n<p>A&nbsp; banca Idecan, que foi contratada por R$ 3.278.500,00 para realizar o certame, aplicou as provas nas cidades de Jo\u00e3o Pessoa, Cabedelo, Guarabira, Campina Grande, Picu\u00ed, Monteiro, Patos, Sousa e Cajazeiras.&nbsp;<\/p>\n","protected":false},"excerpt":{"rendered":"<p>O Idecan (Instituto de Desenvolvimento Educacional, Cultural e Assistencial Nacional), divulgou o gabarito final e oficial do concurso para servidores t\u00e9cnico-administrativos do Instituto Federal da&hellip; <\/p>\n","protected":false},"author":1,"featured_media":83507,"comment_status":"closed","ping_status":"closed","sticky":false,"template":"","format":"standard","meta":{"sfsi_plus_gutenberg_text_before_share":"","sfsi_plus_gutenberg_show_text_before_share":"","sfsi_plus_gutenberg_icon_type":"","sfsi_plus_gutenberg_icon_alignemt":"","sfsi_plus_gutenburg_max_per_row":"","footnotes":""},"categories":[14],"tags":[],"class_list":["post-101176","post","type-post","status-publish","format-standard","has-post-thumbnail","hentry","category-educacao"],"_links":{"self":[{"href":"https:\/\/www.caririemacao.com\/1\/wp-json\/wp\/v2\/posts\/101176","targetHints":{"allow":["GET"]}}],"collection":[{"href":"https:\/\/www.caririemacao.com\/1\/wp-json\/wp\/v2\/posts"}],"about":[{"href":"https:\/\/www.caririemacao.com\/1\/wp-json\/wp\/v2\/types\/post"}],"author":[{"embeddable":true,"href":"https:\/\/www.caririemacao.com\/1\/wp-json\/wp\/v2\/users\/1"}],"replies":[{"embeddable":true,"href":"https:\/\/www.caririemacao.com\/1\/wp-json\/wp\/v2\/comments?post=101176"}],"version-history":[{"count":1,"href":"https:\/\/www.caririemacao.com\/1\/wp-json\/wp\/v2\/posts\/101176\/revisions"}],"predecessor-version":[{"id":101177,"href":"https:\/\/www.caririemacao.com\/1\/wp-json\/wp\/v2\/posts\/101176\/revisions\/101177"}],"wp:featuredmedia":[{"embeddable":true,"href":"https:\/\/www.caririemacao.com\/1\/wp-json\/wp\/v2\/media\/83507"}],"wp:attachment":[{"href":"https:\/\/www.caririemacao.com\/1\/wp-json\/wp\/v2\/media?parent=101176"}],"wp:term":[{"taxonomy":"category","embeddable":true,"href":"https:\/\/www.caririemacao.com\/1\/wp-json\/wp\/v2\/categories?post=101176"},{"taxonomy":"post_tag","embeddable":true,"href":"https:\/\/www.caririemacao.com\/1\/wp-json\/wp\/v2\/tags?post=101176"}],"curies":[{"name":"wp","href":"https:\/\/api.w.org\/{rel}","templated":true}]}}