{"id":101179,"date":"2019-06-20T06:48:13","date_gmt":"2019-06-20T09:48:13","guid":{"rendered":"http:\/\/www.caririemacao.com\/1\/?p=101179"},"modified":"2019-06-20T06:48:13","modified_gmt":"2019-06-20T09:48:13","slug":"morgana-macena-deixa-cargo-no-governo-bolsonaro","status":"publish","type":"post","link":"https:\/\/www.caririemacao.com\/1\/2019\/06\/20\/morgana-macena-deixa-cargo-no-governo-bolsonaro\/","title":{"rendered":"Morgana Macena deixa cargo no governo Bolsonaro"},"content":{"rendered":"\n<p>A pastora Morgana Macena (PSL) entregou nesta quarta-feira (19) o cargo de Diretora Nacional de Pol\u00edticas das Mulheres que constitu\u00eda a equipe da ministra da Fam\u00edlia, Mulher e Direitos Humanos, Damares Alves. Em v\u00eddeo, a ministra aparece ao lado de Morgana e explica que ela deixa o cargo \u2018por que quer\u2019.<\/p>\n\n\n\n<p>\u201cMinha amiga, minha parceira, vim d\u00e1 tchau para minha parceira que t\u00e1 indo embora por que quer, por que pediu para ir. Quero te agradecer por tudo o que voc\u00ea fez por esse minist\u00e9rio\u201d, disse Damares.<\/p>\n\n\n\n<p>O \u00f3rg\u00e3o em que Morgana atuava era respons\u00e1vel pelo planejamento de programas em defesa da mulher, ao lado da de Damares, ela explica que estar\u00e1 disposta a qualquer ordem do presidente.\u201dN\u00f3s vamos sempre estar postos a qualquer ordem da ministra e do presidente mas nesse momento nosso cora\u00e7\u00e3o t\u00e1 batendo pra chegar em Cabedelo, mas estamos as ordens do nosso presidente e do nosso pa\u00eds\u201d.<\/p>\n\n\n\n<p><strong>Confira o v\u00eddeo completo:<\/strong><\/p>\n\n\n\n<figure><iframe width=\"590\" height=\"345\" data-src=\"https:\/\/www.youtube.com\/embed\/b7qUcx1N1Zg?theme=light&amp;autohide=1&amp;showinfo=0;wmode=transparent;border=none;iv_load_policy=1;rel=0\" allowfullscreen=\"\" src=\"data:image\/svg+xml;base64,PHN2ZyB3aWR0aD0iMSIgaGVpZ2h0PSIxIiB4bWxucz0iaHR0cDovL3d3dy53My5vcmcvMjAwMC9zdmciPjwvc3ZnPg==\" class=\"lazyload\" data-load-mode=\"1\"><\/iframe><\/figure>\n\n\n\n<p><strong>MaisPB<\/strong><\/p>\n","protected":false},"excerpt":{"rendered":"<p>A pastora Morgana Macena (PSL) entregou nesta quarta-feira (19) o cargo de Diretora Nacional de Pol\u00edticas das Mulheres que constitu\u00eda a equipe da ministra da&hellip; <\/p>\n","protected":false},"author":1,"featured_media":101180,"comment_status":"closed","ping_status":"closed","sticky":false,"template":"","format":"standard","meta":{"sfsi_plus_gutenberg_text_before_share":"","sfsi_plus_gutenberg_show_text_before_share":"","sfsi_plus_gutenberg_icon_type":"","sfsi_plus_gutenberg_icon_alignemt":"","sfsi_plus_gutenburg_max_per_row":"","footnotes":""},"categories":[11],"tags":[],"class_list":["post-101179","post","type-post","status-publish","format-standard","has-post-thumbnail","hentry","category-politica"],"_links":{"self":[{"href":"https:\/\/www.caririemacao.com\/1\/wp-json\/wp\/v2\/posts\/101179","targetHints":{"allow":["GET"]}}],"collection":[{"href":"https:\/\/www.caririemacao.com\/1\/wp-json\/wp\/v2\/posts"}],"about":[{"href":"https:\/\/www.caririemacao.com\/1\/wp-json\/wp\/v2\/types\/post"}],"author":[{"embeddable":true,"href":"https:\/\/www.caririemacao.com\/1\/wp-json\/wp\/v2\/users\/1"}],"replies":[{"embeddable":true,"href":"https:\/\/www.caririemacao.com\/1\/wp-json\/wp\/v2\/comments?post=101179"}],"version-history":[{"count":1,"href":"https:\/\/www.caririemacao.com\/1\/wp-json\/wp\/v2\/posts\/101179\/revisions"}],"predecessor-version":[{"id":101181,"href":"https:\/\/www.caririemacao.com\/1\/wp-json\/wp\/v2\/posts\/101179\/revisions\/101181"}],"wp:featuredmedia":[{"embeddable":true,"href":"https:\/\/www.caririemacao.com\/1\/wp-json\/wp\/v2\/media\/101180"}],"wp:attachment":[{"href":"https:\/\/www.caririemacao.com\/1\/wp-json\/wp\/v2\/media?parent=101179"}],"wp:term":[{"taxonomy":"category","embeddable":true,"href":"https:\/\/www.caririemacao.com\/1\/wp-json\/wp\/v2\/categories?post=101179"},{"taxonomy":"post_tag","embeddable":true,"href":"https:\/\/www.caririemacao.com\/1\/wp-json\/wp\/v2\/tags?post=101179"}],"curies":[{"name":"wp","href":"https:\/\/api.w.org\/{rel}","templated":true}]}}