{"id":101187,"date":"2019-06-20T06:55:24","date_gmt":"2019-06-20T09:55:24","guid":{"rendered":"http:\/\/www.caririemacao.com\/1\/?p=101187"},"modified":"2019-06-20T06:55:24","modified_gmt":"2019-06-20T09:55:24","slug":"banco-central-mantem-juros-basicos-no-menor-nivel-da-historia","status":"publish","type":"post","link":"https:\/\/www.caririemacao.com\/1\/2019\/06\/20\/banco-central-mantem-juros-basicos-no-menor-nivel-da-historia\/","title":{"rendered":"Banco Central mant\u00e9m juros b\u00e1sicos no menor n\u00edvel da hist\u00f3ria"},"content":{"rendered":"\n<p>Pela d\u00e9cima vez seguida, o Banco Central (BC) n\u00e3o alterou os juros b\u00e1sicos da economia. Por unanimidade, o Comit\u00ea de Pol\u00edtica Monet\u00e1ria (Copom) manteve a taxa Selic em 6,5% ao ano. A decis\u00e3o era esperada pelos analistas financeiros.<\/p>\n\n\n\n<p>Com a decis\u00e3o de hoje (19), a Selic continua no menor n\u00edvel desde o in\u00edcio da s\u00e9rie hist\u00f3rica do Banco Central, em 1986. De outubro de 2012 a abril de 2013, a taxa foi mantida em 7,25% ao ano e passou a ser reajustada gradualmente at\u00e9 alcan\u00e7ar 14,25% ao ano em julho de 2015. Em outubro de 2016, o Copom voltou a reduzir os juros b\u00e1sicos da economia at\u00e9 que a taxa chegasse a 6,5% ao ano em mar\u00e7o de 2018.<br><br>Em comunicado, o Copom informou que est\u00e1 monitorando a economia brasileira. A nota dz que o Banco Central s\u00f3 deve voltar a reduzir os juros ap\u00f3s o avan\u00e7o ou a aprova\u00e7\u00e3o de reformas que reduzam os gastos p\u00fablicos, como a da Previd\u00eancia. \u201cO comit\u00ea ressalta ainda que a percep\u00e7\u00e3o de continuidade da agenda de reformas afeta as expectativas e proje\u00e7\u00f5es macroecon\u00f4micas correntes. Em particular, o comit\u00ea julga que avan\u00e7os concretos nessa agenda s\u00e3o fundamentais para consolida\u00e7\u00e3o do cen\u00e1rio benigno para a infla\u00e7\u00e3o prospectiva\u201d, destacou.<\/p>\n\n\n\n<p>A Selic \u00e9 o principal instrumento do Banco Central para manter sob controle a infla\u00e7\u00e3o oficial, medida pelo \u00cdndice Nacional de Pre\u00e7os ao Consumidor Amplo (IPCA). Em maio, o indicador fechou em 4,66% no acumulado de 12 meses. Depois de v\u00e1rios meses de alta no in\u00edcio do ano, o \u00edndice desacelerou em maio, atingindo o&nbsp;<a href=\"http:\/\/agenciabrasil.ebc.com.br\/economia\/noticia\/2019-06\/ipca-desacelera-em-maio-ao-variar-013-menor-alta-desde-2006\" target=\"_blank\" rel=\"noreferrer noopener\">menor resultado para o m\u00eas desde 2006<\/a>.<\/p>\n\n\n\n<p>Para 2019, o Conselho Monet\u00e1rio Nacional (CMN) estabeleceu meta de infla\u00e7\u00e3o de 4,25%, com margem de toler\u00e2ncia de 1,5 ponto percentual. O IPCA, portanto, n\u00e3o poder\u00e1 superar 5,75% neste ano nem ficar abaixo de 2,75%. A meta para 2020 foi fixada em 4%, tamb\u00e9m com intervalo de toler\u00e2ncia de 1,5 ponto percentual.<\/p>\n\n\n\n<h2 class=\"wp-block-heading\">Infla\u00e7\u00e3o<\/h2>\n\n\n\n<p>No&nbsp;<em>Relat\u00f3rio de Infla\u00e7\u00e3o<\/em>&nbsp;divulgado no fim de mar\u00e7o pelo Banco Central, a autoridade monet\u00e1ria estima que o IPCA&nbsp;<a href=\"http:\/\/agenciabrasil.ebc.com.br\/economia\/noticia\/2019-03\/bc-reduz-projecao-de-crescimento-da-economia-este-ano-para-2\" target=\"_blank\" rel=\"noreferrer noopener\">encerrar\u00e1 2019 em 3,9%<\/a>&nbsp;e continuar\u00e1 baixo at\u00e9 2021. De acordo com o boletim&nbsp;<em>Focus<\/em>, pesquisa semanal com institui\u00e7\u00f5es financeiras divulgada pelo BC, a infla\u00e7\u00e3o oficial dever\u00e1&nbsp;<a href=\"http:\/\/agenciabrasil.ebc.com.br\/economia\/noticia\/2019-06\/estimativa-do-mercado-para-crescimento-da-economia-cai-para-093\" target=\"_blank\" rel=\"noreferrer noopener\">fechar o ano em 3,84%<\/a>.<\/p>\n\n\n\n<h2 class=\"wp-block-heading\">Cr\u00e9dito mais barato<\/h2>\n\n\n\n<p>A redu\u00e7\u00e3o da taxa Selic estimula a economia porque juros menores barateiam o cr\u00e9dito e incentivam a produ\u00e7\u00e3o e o consumo em um cen\u00e1rio de baixa atividade econ\u00f4mica. No \u00faltimo&nbsp;<em>Relat\u00f3rio de Infla\u00e7\u00e3o<\/em>, o BC projetava expans\u00e3o da economia&nbsp;<a href=\"http:\/\/agenciabrasil.ebc.com.br\/economia\/noticia\/2019-03\/bc-reduz-projecao-de-crescimento-da-economia-este-ano-para-2\" target=\"_blank\" rel=\"noreferrer noopener\">de 2% para este ano<\/a>. Segundo o boletim&nbsp;<em>Focus<\/em>, os analistas econ\u00f4micos preveem&nbsp;<a href=\"http:\/\/agenciabrasil.ebc.com.br\/economia\/noticia\/2019-06\/estimativa-do-mercado-para-crescimento-da-economia-cai-para-093\" target=\"_blank\" rel=\"noreferrer noopener\">crescimento de 0,93%<\/a>&nbsp;do Produto Interno Bruto (PIB, soma dos bens e servi\u00e7os produzidos pelo pa\u00eds) em 2019.<\/p>\n\n\n\n<p>A taxa b\u00e1sica de juros \u00e9 usada nas negocia\u00e7\u00f5es de t\u00edtulos p\u00fablicos no Sistema Especial de Liquida\u00e7\u00e3o e Cust\u00f3dia (Selic) e serve de refer\u00eancia para as demais taxas de juros da economia. Ao reajust\u00e1-la para cima, o Banco Central segura o excesso de demanda que pressiona os pre\u00e7os, porque juros mais altos encarecem o cr\u00e9dito e estimulam a poupan\u00e7a. Ao reduzir os juros b\u00e1sicos, o Copom barateia o cr\u00e9dito e incentiva a produ\u00e7\u00e3o e o consumo, mas enfraquece o controle da infla\u00e7\u00e3o. Para cortar a Selic, a autoridade monet\u00e1ria precisa estar segura de que os pre\u00e7os est\u00e3o sob controle e n\u00e3o correm risco de subir.<\/p>\n\n\n\n<figure class=\"wp-block-image\"><img decoding=\"async\" data-src=\"http:\/\/imagens.ebc.com.br\/yDo-WBMeO-CnvROabYHreCXYqfY=\/754x0\/smart\/http:\/\/agenciabrasil.ebc.com.br\/sites\/default\/files\/atoms\/image\/infografia_selic.png?itok=1WyCT-R3\" alt=\"infografia_selic\" src=\"data:image\/svg+xml;base64,PHN2ZyB3aWR0aD0iMSIgaGVpZ2h0PSIxIiB4bWxucz0iaHR0cDovL3d3dy53My5vcmcvMjAwMC9zdmciPjwvc3ZnPg==\" class=\"lazyload\" \/><\/figure>\n","protected":false},"excerpt":{"rendered":"<p>Pela d\u00e9cima vez seguida, o Banco Central (BC) n\u00e3o alterou os juros b\u00e1sicos da economia. Por unanimidade, o Comit\u00ea de Pol\u00edtica Monet\u00e1ria (Copom) manteve a&hellip; <\/p>\n","protected":false},"author":1,"featured_media":90077,"comment_status":"closed","ping_status":"closed","sticky":false,"template":"","format":"standard","meta":{"sfsi_plus_gutenberg_text_before_share":"","sfsi_plus_gutenberg_show_text_before_share":"","sfsi_plus_gutenberg_icon_type":"","sfsi_plus_gutenberg_icon_alignemt":"","sfsi_plus_gutenburg_max_per_row":"","footnotes":""},"categories":[11],"tags":[],"class_list":["post-101187","post","type-post","status-publish","format-standard","has-post-thumbnail","hentry","category-politica"],"_links":{"self":[{"href":"https:\/\/www.caririemacao.com\/1\/wp-json\/wp\/v2\/posts\/101187","targetHints":{"allow":["GET"]}}],"collection":[{"href":"https:\/\/www.caririemacao.com\/1\/wp-json\/wp\/v2\/posts"}],"about":[{"href":"https:\/\/www.caririemacao.com\/1\/wp-json\/wp\/v2\/types\/post"}],"author":[{"embeddable":true,"href":"https:\/\/www.caririemacao.com\/1\/wp-json\/wp\/v2\/users\/1"}],"replies":[{"embeddable":true,"href":"https:\/\/www.caririemacao.com\/1\/wp-json\/wp\/v2\/comments?post=101187"}],"version-history":[{"count":1,"href":"https:\/\/www.caririemacao.com\/1\/wp-json\/wp\/v2\/posts\/101187\/revisions"}],"predecessor-version":[{"id":101188,"href":"https:\/\/www.caririemacao.com\/1\/wp-json\/wp\/v2\/posts\/101187\/revisions\/101188"}],"wp:featuredmedia":[{"embeddable":true,"href":"https:\/\/www.caririemacao.com\/1\/wp-json\/wp\/v2\/media\/90077"}],"wp:attachment":[{"href":"https:\/\/www.caririemacao.com\/1\/wp-json\/wp\/v2\/media?parent=101187"}],"wp:term":[{"taxonomy":"category","embeddable":true,"href":"https:\/\/www.caririemacao.com\/1\/wp-json\/wp\/v2\/categories?post=101187"},{"taxonomy":"post_tag","embeddable":true,"href":"https:\/\/www.caririemacao.com\/1\/wp-json\/wp\/v2\/tags?post=101187"}],"curies":[{"name":"wp","href":"https:\/\/api.w.org\/{rel}","templated":true}]}}