{"id":101201,"date":"2019-06-20T06:59:11","date_gmt":"2019-06-20T09:59:11","guid":{"rendered":"http:\/\/www.caririemacao.com\/1\/?p=101201"},"modified":"2019-06-20T06:59:11","modified_gmt":"2019-06-20T09:59:11","slug":"dois-mil-profissionais-comecam-a-atuar-pelo-mais-medicos-ainda-este-mes-em-todo-o-pais","status":"publish","type":"post","link":"https:\/\/www.caririemacao.com\/1\/2019\/06\/20\/dois-mil-profissionais-comecam-a-atuar-pelo-mais-medicos-ainda-este-mes-em-todo-o-pais\/","title":{"rendered":"Dois mil profissionais come\u00e7am a atuar pelo Mais M\u00e9dicos ainda este m\u00eas em todo o pa\u00eds"},"content":{"rendered":"\n<p>Quase 2 mil aprovados no programa Mais M\u00e9dicos v\u00e3o come\u00e7ar a atuar em ainda este m\u00eas em todo o pa\u00eds. O resultado definitivo da primeira fase da sele\u00e7\u00e3o foi publicado hoje (19).<\/p>\n\n\n\n<p>Os profissionais t\u00eam at\u00e9 o dia 21 para confirmar a escolha de vaga e devem se apresentar entre os dias 24 e 28 de junho para dar in\u00edcio \u00e0s atividades nas unidades de sa\u00fade mais de mil munic\u00edpios.<\/p>\n\n\n\n<p>A estimativa \u00e9 de que, com esse refor\u00e7o, cerca de 6 milh\u00f5es de pessoas que vivem nas \u00e1reas mais vulner\u00e1veis do Brasil sejam atendidas pelo programa, em 26 estados e 10 Distritos Sanit\u00e1rios Especiais Ind\u00edgenas.<\/p>\n\n\n\n<p>Os munic\u00edpios contemplados neste edital do Mais M\u00e9dicos s\u00e3o de \u00e1reas historicamente com maiores dificuldades de acesso \u2013 a exemplo das ribeirinhas, fluviais, quilombolas e ind\u00edgenas \u2013 e que dependem do atendimento do Sistema \u00danico de Sa\u00fade.<\/p>\n\n\n\n<p>O estado com menor ades\u00e3o foi o Acre, que receber\u00e1 tr\u00eas m\u00e9dicos. Em contrapartida, Bahia receber\u00e1 o maior n\u00famero de profissionais, um total de 242.<\/p>\n\n\n\n<p>A primeira fase do 18\u00ba ciclo do programa abriu edital para pouco mais de 2 mil vagas. Dessas, 174 ainda n\u00e3o foram preenchidas. Foram priorizadas a participa\u00e7\u00e3o de m\u00e9dicos formados e habilitados com CRM brasileiro. Tamb\u00e9m foram usados como crit\u00e9rio de classifica\u00e7\u00e3o os t\u00edtulos de Especialista e\/ou Resid\u00eancia M\u00e9dica em Medicina da Fam\u00edlia e Comunidade.<\/p>\n","protected":false},"excerpt":{"rendered":"<p>Quase 2 mil aprovados no programa Mais M\u00e9dicos v\u00e3o come\u00e7ar a atuar em ainda este m\u00eas em todo o pa\u00eds. O resultado definitivo da primeira&hellip; <\/p>\n","protected":false},"author":1,"featured_media":83579,"comment_status":"closed","ping_status":"closed","sticky":false,"template":"","format":"standard","meta":{"sfsi_plus_gutenberg_text_before_share":"","sfsi_plus_gutenberg_show_text_before_share":"","sfsi_plus_gutenberg_icon_type":"","sfsi_plus_gutenberg_icon_alignemt":"","sfsi_plus_gutenburg_max_per_row":"","footnotes":""},"categories":[50,16],"tags":[],"class_list":["post-101201","post","type-post","status-publish","format-standard","has-post-thumbnail","hentry","category-destaque","category-saude"],"_links":{"self":[{"href":"https:\/\/www.caririemacao.com\/1\/wp-json\/wp\/v2\/posts\/101201","targetHints":{"allow":["GET"]}}],"collection":[{"href":"https:\/\/www.caririemacao.com\/1\/wp-json\/wp\/v2\/posts"}],"about":[{"href":"https:\/\/www.caririemacao.com\/1\/wp-json\/wp\/v2\/types\/post"}],"author":[{"embeddable":true,"href":"https:\/\/www.caririemacao.com\/1\/wp-json\/wp\/v2\/users\/1"}],"replies":[{"embeddable":true,"href":"https:\/\/www.caririemacao.com\/1\/wp-json\/wp\/v2\/comments?post=101201"}],"version-history":[{"count":1,"href":"https:\/\/www.caririemacao.com\/1\/wp-json\/wp\/v2\/posts\/101201\/revisions"}],"predecessor-version":[{"id":101202,"href":"https:\/\/www.caririemacao.com\/1\/wp-json\/wp\/v2\/posts\/101201\/revisions\/101202"}],"wp:featuredmedia":[{"embeddable":true,"href":"https:\/\/www.caririemacao.com\/1\/wp-json\/wp\/v2\/media\/83579"}],"wp:attachment":[{"href":"https:\/\/www.caririemacao.com\/1\/wp-json\/wp\/v2\/media?parent=101201"}],"wp:term":[{"taxonomy":"category","embeddable":true,"href":"https:\/\/www.caririemacao.com\/1\/wp-json\/wp\/v2\/categories?post=101201"},{"taxonomy":"post_tag","embeddable":true,"href":"https:\/\/www.caririemacao.com\/1\/wp-json\/wp\/v2\/tags?post=101201"}],"curies":[{"name":"wp","href":"https:\/\/api.w.org\/{rel}","templated":true}]}}