{"id":101208,"date":"2019-06-20T07:03:58","date_gmt":"2019-06-20T10:03:58","guid":{"rendered":"http:\/\/www.caririemacao.com\/1\/?p=101208"},"modified":"2019-06-20T07:03:58","modified_gmt":"2019-06-20T10:03:58","slug":"homem-usa-idosa-e-crianca-com-refens-para-tentar-escapar-da-policia-no-sertao-do-estado","status":"publish","type":"post","link":"https:\/\/www.caririemacao.com\/1\/2019\/06\/20\/homem-usa-idosa-e-crianca-com-refens-para-tentar-escapar-da-policia-no-sertao-do-estado\/","title":{"rendered":"Homem usa idosa e crian\u00e7a com ref\u00e9ns para tentar escapar da pol\u00edcia no Sert\u00e3o do Estado"},"content":{"rendered":"\n<p>Policias Civil e Militar prendem na tarde desta quarta-feira (19) em S\u00e3o Bento, um homem respons\u00e1vel por mais de 10 homic\u00eddios em Catol\u00e9 do Rocha, S\u00e3o Bento e regi\u00e3o.<\/p>\n\n\n\n<p>A a\u00e7\u00e3o foi desencadeada na tarde de hoje, onde o acusado Alberto Dantas de Oliveira para fugir da pol\u00edcia entrou numa casa e fez de ref\u00e9m uma idosa e uma crian\u00e7a de 7 anos e mesmo assim foi preso de posse de uma pistola.<\/p>\n\n\n\n<p>De acordo com a pol\u00edcia ele foi flagrante pelo crime do homic\u00eddio de dois dias atr\u00e1s, sequestro e outros crimes e ainda contra o mesmo havia mandado de pris\u00e3o por crime de roubo.<\/p>\n","protected":false},"excerpt":{"rendered":"<p>Policias Civil e Militar prendem na tarde desta quarta-feira (19) em S\u00e3o Bento, um homem respons\u00e1vel por mais de 10 homic\u00eddios em Catol\u00e9 do Rocha,&hellip; <\/p>\n","protected":false},"author":1,"featured_media":89112,"comment_status":"closed","ping_status":"closed","sticky":false,"template":"","format":"standard","meta":{"sfsi_plus_gutenberg_text_before_share":"","sfsi_plus_gutenberg_show_text_before_share":"","sfsi_plus_gutenberg_icon_type":"","sfsi_plus_gutenberg_icon_alignemt":"","sfsi_plus_gutenburg_max_per_row":"","footnotes":""},"categories":[12],"tags":[],"class_list":["post-101208","post","type-post","status-publish","format-standard","has-post-thumbnail","hentry","category-policia"],"_links":{"self":[{"href":"https:\/\/www.caririemacao.com\/1\/wp-json\/wp\/v2\/posts\/101208","targetHints":{"allow":["GET"]}}],"collection":[{"href":"https:\/\/www.caririemacao.com\/1\/wp-json\/wp\/v2\/posts"}],"about":[{"href":"https:\/\/www.caririemacao.com\/1\/wp-json\/wp\/v2\/types\/post"}],"author":[{"embeddable":true,"href":"https:\/\/www.caririemacao.com\/1\/wp-json\/wp\/v2\/users\/1"}],"replies":[{"embeddable":true,"href":"https:\/\/www.caririemacao.com\/1\/wp-json\/wp\/v2\/comments?post=101208"}],"version-history":[{"count":1,"href":"https:\/\/www.caririemacao.com\/1\/wp-json\/wp\/v2\/posts\/101208\/revisions"}],"predecessor-version":[{"id":101209,"href":"https:\/\/www.caririemacao.com\/1\/wp-json\/wp\/v2\/posts\/101208\/revisions\/101209"}],"wp:featuredmedia":[{"embeddable":true,"href":"https:\/\/www.caririemacao.com\/1\/wp-json\/wp\/v2\/media\/89112"}],"wp:attachment":[{"href":"https:\/\/www.caririemacao.com\/1\/wp-json\/wp\/v2\/media?parent=101208"}],"wp:term":[{"taxonomy":"category","embeddable":true,"href":"https:\/\/www.caririemacao.com\/1\/wp-json\/wp\/v2\/categories?post=101208"},{"taxonomy":"post_tag","embeddable":true,"href":"https:\/\/www.caririemacao.com\/1\/wp-json\/wp\/v2\/tags?post=101208"}],"curies":[{"name":"wp","href":"https:\/\/api.w.org\/{rel}","templated":true}]}}