{"id":101213,"date":"2019-06-20T07:08:03","date_gmt":"2019-06-20T10:08:03","guid":{"rendered":"http:\/\/www.caririemacao.com\/1\/?p=101213"},"modified":"2019-06-20T07:08:03","modified_gmt":"2019-06-20T10:08:03","slug":"hemocentro-altera-horario-de-atendimento-aos-doadores-de-sangue-no-feriadao","status":"publish","type":"post","link":"https:\/\/www.caririemacao.com\/1\/2019\/06\/20\/hemocentro-altera-horario-de-atendimento-aos-doadores-de-sangue-no-feriadao\/","title":{"rendered":"Hemocentro altera hor\u00e1rio de atendimento aos doadores de sangue no feriad\u00e3o"},"content":{"rendered":"\n<p>O Hemocentro da Para\u00edba vai alterar o hor\u00e1rio de atendimento aos doadores de sangue nos feriados de Corpus Christi e de S\u00e3o Jo\u00e3o.&nbsp; Nesta quinta-feira (20), feriado de Corpus Christi, n\u00e3o haver\u00e1 atendimento ao doador de sangue. Na sexta-feira (21), a institui\u00e7\u00e3o retomar\u00e1 as atividades normais, das 7h at\u00e9 as 17h30, e no s\u00e1bado (22), das 7h \u00e0s 17h. J\u00e1 no S\u00e3o Jo\u00e3o, o Hemocentro estar\u00e1 fechado na segunda-feira (24), devido ao feriado local, e voltar\u00e1 \u00e0s atividades normais na ter\u00e7a-feira (25).<\/p>\n\n\n\n<p>Para doar sangue \u00e9 preciso atender crit\u00e9rios estabelecidos pelo Minist\u00e9rio da Sa\u00fade. Podem fazer a doa\u00e7\u00e3o pessoas que estejam em boas condi\u00e7\u00f5es de sa\u00fade, com idade entre 16 a 69 anos, sendo que o limite de idade para a primeira doa\u00e7\u00e3o \u00e9 de 60 anos e doadores com idade de 16 a 17 anos precisam estar acompanhados do respons\u00e1vel legal (pai ou m\u00e3e).<\/p>\n\n\n\n<p>Tamb\u00e9m \u00e9 necess\u00e1rio pesar acima de 50 kg; ter repousado no m\u00ednimo 6 horas na noite antes da doa\u00e7\u00e3o; e estar bem alimentado, evitando alimentos gordurosos nas 3 horas que antecedem a doa\u00e7\u00e3o; outros crit\u00e9rios ser\u00e3o avaliados pela equipe da triagem cl\u00ednica.<\/p>\n\n\n\n<p>No dia da doa\u00e7\u00e3o tamb\u00e9m \u00e9 preciso apresentar um documento original com foto, emitido por \u00f3rg\u00e3o oficial, sendo aceito a carteira de identidade (RG), carteira profissional e carteira de motorista.<\/p>\n\n\n\n<p>A coordenadora de A\u00e7\u00f5es Estrat\u00e9gicas do Hemocentro da Para\u00edba, Elaine Farias de Santana, lembra a import\u00e2ncia da doa\u00e7\u00e3o regular de sangue. \u201cPrecisamos que as pessoas contribuam fazendo sua doa\u00e7\u00e3o periodicamente. Homens podem doar at\u00e9 4 vezes no ano, respeitando o intervalo m\u00ednimo de 60 dias entre as doa\u00e7\u00f5es e as mulheres podem doar at\u00e9 3 vezes ao ano, com intervalo de pelo menos 90 dias\u201d, ressaltou.<\/p>\n\n\n\n<p>Ela explica ainda que o Hemocentro garante os estoques de sangue de mais de 30 unidades de sa\u00fade de Jo\u00e3o Pessoa e regi\u00e3o Metropolitana. O sangue \u00e9 essencial para os atendimentos de urg\u00eancia, realiza\u00e7\u00e3o de cirurgias de grande porte e tratamento de pessoas com doen\u00e7as cr\u00f4nicas, como a Doen\u00e7a Falciforme e a Talassemia, al\u00e9m de doen\u00e7as oncol\u00f3gicas variadas que, frequentemente, necessitam de transfus\u00e3o. Apenas uma doa\u00e7\u00e3o pode beneficiar at\u00e9 quatro pessoas.<\/p>\n\n\n\n<p>Confira o cronograma de funcionamento do Hemocentro<\/p>\n\n\n\n<p>\u2022&nbsp;&nbsp; &nbsp;DIA: 20\/06 (quinta-feira): FECHADO<br>\u2022&nbsp;&nbsp; &nbsp;DIA: 21\/06 (sexta-feira): Das 7h \u00e0s 17h30<br>\u2022&nbsp;&nbsp; &nbsp;DIA: 22\/06 (s\u00e1bado): Das 7h \u00e0s 17h<br>\u2022&nbsp;&nbsp; &nbsp;DIA: 23\/06 (segunda-feira): FECHADO<\/p>\n\n\n\n<p><br><strong>Secom\\PB<\/strong><\/p>\n","protected":false},"excerpt":{"rendered":"<p>O Hemocentro da Para\u00edba vai alterar o hor\u00e1rio de atendimento aos doadores de sangue nos feriados de Corpus Christi e de S\u00e3o Jo\u00e3o.&nbsp; Nesta quinta-feira&hellip; <\/p>\n","protected":false},"author":1,"featured_media":101214,"comment_status":"closed","ping_status":"closed","sticky":false,"template":"","format":"standard","meta":{"sfsi_plus_gutenberg_text_before_share":"","sfsi_plus_gutenberg_show_text_before_share":"","sfsi_plus_gutenberg_icon_type":"","sfsi_plus_gutenberg_icon_alignemt":"","sfsi_plus_gutenburg_max_per_row":"","footnotes":""},"categories":[2],"tags":[],"class_list":["post-101213","post","type-post","status-publish","format-standard","has-post-thumbnail","hentry","category-geral"],"_links":{"self":[{"href":"https:\/\/www.caririemacao.com\/1\/wp-json\/wp\/v2\/posts\/101213","targetHints":{"allow":["GET"]}}],"collection":[{"href":"https:\/\/www.caririemacao.com\/1\/wp-json\/wp\/v2\/posts"}],"about":[{"href":"https:\/\/www.caririemacao.com\/1\/wp-json\/wp\/v2\/types\/post"}],"author":[{"embeddable":true,"href":"https:\/\/www.caririemacao.com\/1\/wp-json\/wp\/v2\/users\/1"}],"replies":[{"embeddable":true,"href":"https:\/\/www.caririemacao.com\/1\/wp-json\/wp\/v2\/comments?post=101213"}],"version-history":[{"count":1,"href":"https:\/\/www.caririemacao.com\/1\/wp-json\/wp\/v2\/posts\/101213\/revisions"}],"predecessor-version":[{"id":101215,"href":"https:\/\/www.caririemacao.com\/1\/wp-json\/wp\/v2\/posts\/101213\/revisions\/101215"}],"wp:featuredmedia":[{"embeddable":true,"href":"https:\/\/www.caririemacao.com\/1\/wp-json\/wp\/v2\/media\/101214"}],"wp:attachment":[{"href":"https:\/\/www.caririemacao.com\/1\/wp-json\/wp\/v2\/media?parent=101213"}],"wp:term":[{"taxonomy":"category","embeddable":true,"href":"https:\/\/www.caririemacao.com\/1\/wp-json\/wp\/v2\/categories?post=101213"},{"taxonomy":"post_tag","embeddable":true,"href":"https:\/\/www.caririemacao.com\/1\/wp-json\/wp\/v2\/tags?post=101213"}],"curies":[{"name":"wp","href":"https:\/\/api.w.org\/{rel}","templated":true}]}}