{"id":101224,"date":"2019-06-20T07:12:03","date_gmt":"2019-06-20T10:12:03","guid":{"rendered":"http:\/\/www.caririemacao.com\/1\/?p=101224"},"modified":"2019-06-20T07:12:03","modified_gmt":"2019-06-20T10:12:03","slug":"joao-azevedo-destaca-investimentos-de-mais-450-milhoes-na-agricultura-familiar","status":"publish","type":"post","link":"https:\/\/www.caririemacao.com\/1\/2019\/06\/20\/joao-azevedo-destaca-investimentos-de-mais-450-milhoes-na-agricultura-familiar\/","title":{"rendered":"Jo\u00e3o Azevedo destaca investimentos de mais 450 milh\u00f5es na Agricultura Familiar"},"content":{"rendered":"\n<p>O governador Jo\u00e3o Azev\u00eado recebeu, nesta quarta-feira (19), propostas para o desenvolvimento sustent\u00e1vel da agricultura familiar da Para\u00edba. O documento, elaborado pela Frente Parlamentar da \u00c1gua e da Agricultura Familiar, foi entregue durante sess\u00e3o especial promovida pela Assembleia Legislativa, no Espa\u00e7o Cultural Jos\u00e9 Lins do Rego, em Jo\u00e3o Pessoa. Na solenidade, o gestor tamb\u00e9m assinou o termo de ades\u00e3o ao Fundo Garantia-Safra referente ao ano agr\u00edcola 2019-2020.<\/p>\n\n\n\n<p>Na ocasi\u00e3o, o chefe do Executivo estadual ressaltou o olhar atento do Governo para mais de 100 mil paraibanos que integram a agricultura familiar e lembrou que mais de R$ 450 milh\u00f5es est\u00e3o sendo investidos na \u00e1rea. \u201cA agricultura familiar j\u00e1 \u00e9 um segmento respeitado pela gest\u00e3o. O Procase investe quase R$ 100 milh\u00f5es nas regi\u00f5es do Cariri, do Curimata\u00fa e do Serid\u00f3 com dessaliniza\u00e7\u00e3o, kits de irriga\u00e7\u00e3o, perfura\u00e7\u00e3o de po\u00e7os e conv\u00eanios com associa\u00e7\u00f5es; iniciamos, de forma definitiva, o projeto Cooperar com mais de R$ 300 milh\u00f5es investidos na base da economia; e assinamos hoje o termo de ades\u00e3o ao Garantia-Safra que tamb\u00e9m ir\u00e1 garantir recursos do Estado para o setor, o que representa o nosso compromisso com os agricultores\u201d, enfatizou.<\/p>\n\n\n\n<p>Ele tamb\u00e9m destacou que o di\u00e1logo permanente com os paraibanos tem consolidado pol\u00edticas importantes para o desenvolvimento do Estado. \u201cN\u00f3s tivemos a capacidade, enquanto sociedade, de ouvir as pessoas que comp\u00f5em a agricultura familiar, de identificar quais as suas maiores demandas, de consolidar tudo no documento que ser\u00e1 analisado pelo Governo que tem dado respostas r\u00e1pidas \u00e0 popula\u00e7\u00e3o\u201d, acrescentou.<\/p>\n\n\n\n<p>O presidente da Assembleia Legislativa da Para\u00edba, Adriano Galdino, destacou a import\u00e2ncia das parcerias com o Poder Executivo para o fomento de pol\u00edticas p\u00fablicas. \u201cEsse di\u00e1logo entre a Assembleia Legislativa e o Governo \u00e9 muito importante para a agricultura familiar e n\u00f3s vamos, cada vez mais, estreitar esses la\u00e7os para fortalecer as a\u00e7\u00f5es que possam garantir a sustentabilidade do homem do campo, construindo uma Para\u00edba melhor e mais justa para todos\u201d, frisou.<\/p>\n\n\n\n<p>O presidente da Frente da \u00c1gua e da Agricultura Familiar da Assembleia Legislativa, deputado estadual Jeov\u00e1 Campos, afirmou que as propostas apresentadas para o desenvolvimento da agricultura familiar t\u00eam o objetivo de garantir um futuro digno para as fam\u00edlias que trabalham no campo. \u201cEsse \u00e9 um momento muito representativo para a agricultura da Para\u00edba. Em parceria com a Secretaria da Agricultura Familiar, percorremos v\u00e1rias regi\u00f5es da Para\u00edba para saber o que o agricultor do nosso Estado pensa, o que \u00e9 poss\u00edvel fazer para que ele produza com mais qualidade e como o Governo pode contribuir com as alian\u00e7as produtivas na assist\u00eancia t\u00e9cnica para ajudar os agricultores e assegurar um alimento mais saud\u00e1vel na mesa dos paraibanos. N\u00f3s estamos fazendo isso de forma integrada e estamos cuidando de um segmento que \u00e9 fundamental para a Para\u00edba\u201d, argumentou.<\/p>\n\n\n\n<p>O secret\u00e1rio da Agricultura Familiar e Desenvolvimento do Semi\u00e1rido, Luiz Couto, disse que a elabora\u00e7\u00e3o do documento \u00e9 resultado de grandes debates ocorridos em todo o Estado que consolidaram o mapa da agricultura na Para\u00edba. \u201cEsse levantamento \u00e9 estrat\u00e9gico para o programa que o governador j\u00e1 definiu para a \u00e1rea, no sentido de aplicar os recursos para a implanta\u00e7\u00e3o de projetos. Precisamos transformar isso em a\u00e7\u00f5es que possam dar dignidade ao homem do campo e qualidade de vida para os que trabalham com a agricultura familiar que s\u00e3o respons\u00e1veis pela alimenta\u00e7\u00e3o que chega \u00e0s nossas mesas\u201d, pontuou.<\/p>\n\n\n\n<p>O presidente da Federa\u00e7\u00e3o dos Trabalhadores Rurais Agricultores e Agriculturas Familiares do Estado da Para\u00edba (Fetag-PB), Liberalino Lucena, parabenizou a iniciativa do Governo do Estado e do Poder Legislativo de fortalecer a agricultura familiar. \u201cOs trabalhadores precisam dessa assist\u00eancia e \u00e9 preciso lutar para a implanta\u00e7\u00e3o de tecnologias e acompanhamento permanente das produ\u00e7\u00f5es. Eu louvo essa proposta e tenho certeza de que muitas delas ser\u00e3o colocadas em pr\u00e1tica\u201d, falou.<\/p>\n\n\n\n<p>O presidente da Associa\u00e7\u00e3o dos Produtores da Agricultura Familiar de Santa Rita, Gilvan Castro, enalteceu a parceria entre os Poderes Executivo e Legislativo para assegurar oportunidades otimistas aos agricultores. \u201cEsse \u00e9 um grande momento para o pequeno empreendedor. N\u00f3s mostramos que temos a capacidade de produzir e interagir com o Governo do Estado e com o Poder Legislativo acerca do processo de produ\u00e7\u00e3o e comercializa\u00e7\u00e3o. Dentro do territ\u00f3rio da Zona da Mata Norte temos uma discuss\u00e3o organizada e essa coopera\u00e7\u00e3o nos motiva a produzir mais\u201d, comentou.<\/p>\n\n\n\n<p>O mesmo sentimento foi compartilhado pelo presidente do Sindicato da Agricultura Familiar de Umbuzeiro, Jo\u00e3o Barbosa. \u201cNossas fam\u00edlias est\u00e3o muito felizes porque precisamos de mais incentivos e investimentos e \u00e9 muito bom saber que o poder p\u00fablico est\u00e1 olhando para n\u00f3s, por isso acreditamos que esse evento de hoje ir\u00e1 fortalecer o nosso trabalho\u201d, observou.<\/p>\n\n\n\n<p>Propostas \u2013 Dentre as propostas apresentadas pela Frente Parlamentar da \u00c1gua e da Agricultura Familiar est\u00e3o a garantia do acesso \u00e0 \u00e1gua para o consumo humano e para a produ\u00e7\u00e3o; apoio \u00e0s alian\u00e7as e arranjos produtivos locais de base familiar; certifica\u00e7\u00e3o dos produtos da agricultura familiar; assist\u00eancia t\u00e9cnica por meio de parcerias com a UFPB, UFCG, UEPB e Institutos Federais; desenvolvimento de programas que apoiam sistemas de energias renov\u00e1veis; financiamento por meio do programa Empreender; e implementa\u00e7\u00e3o de programas de revitaliza\u00e7\u00e3o dos rios, riachos e reflorestamento das matas ciliares.<\/p>\n\n\n\n<p>A sess\u00e3o especial foi prestigiada por prefeitos, vice-prefeitos, vereadores, representantes de associa\u00e7\u00f5es e de sindicatos ligados \u00e0 Agricultura Familiar e auxiliares do Governo da Para\u00edba.<\/p>\n\n\n\n<p><br><strong>Secom\\PB<\/strong><\/p>\n","protected":false},"excerpt":{"rendered":"<p>O governador Jo\u00e3o Azev\u00eado recebeu, nesta quarta-feira (19), propostas para o desenvolvimento sustent\u00e1vel da agricultura familiar da Para\u00edba. O documento, elaborado pela Frente Parlamentar da&hellip; <\/p>\n","protected":false},"author":1,"featured_media":101226,"comment_status":"closed","ping_status":"closed","sticky":false,"template":"","format":"standard","meta":{"sfsi_plus_gutenberg_text_before_share":"","sfsi_plus_gutenberg_show_text_before_share":"","sfsi_plus_gutenberg_icon_type":"","sfsi_plus_gutenberg_icon_alignemt":"","sfsi_plus_gutenburg_max_per_row":"","footnotes":""},"categories":[50,11],"tags":[],"class_list":["post-101224","post","type-post","status-publish","format-standard","has-post-thumbnail","hentry","category-destaque","category-politica"],"_links":{"self":[{"href":"https:\/\/www.caririemacao.com\/1\/wp-json\/wp\/v2\/posts\/101224","targetHints":{"allow":["GET"]}}],"collection":[{"href":"https:\/\/www.caririemacao.com\/1\/wp-json\/wp\/v2\/posts"}],"about":[{"href":"https:\/\/www.caririemacao.com\/1\/wp-json\/wp\/v2\/types\/post"}],"author":[{"embeddable":true,"href":"https:\/\/www.caririemacao.com\/1\/wp-json\/wp\/v2\/users\/1"}],"replies":[{"embeddable":true,"href":"https:\/\/www.caririemacao.com\/1\/wp-json\/wp\/v2\/comments?post=101224"}],"version-history":[{"count":1,"href":"https:\/\/www.caririemacao.com\/1\/wp-json\/wp\/v2\/posts\/101224\/revisions"}],"predecessor-version":[{"id":101227,"href":"https:\/\/www.caririemacao.com\/1\/wp-json\/wp\/v2\/posts\/101224\/revisions\/101227"}],"wp:featuredmedia":[{"embeddable":true,"href":"https:\/\/www.caririemacao.com\/1\/wp-json\/wp\/v2\/media\/101226"}],"wp:attachment":[{"href":"https:\/\/www.caririemacao.com\/1\/wp-json\/wp\/v2\/media?parent=101224"}],"wp:term":[{"taxonomy":"category","embeddable":true,"href":"https:\/\/www.caririemacao.com\/1\/wp-json\/wp\/v2\/categories?post=101224"},{"taxonomy":"post_tag","embeddable":true,"href":"https:\/\/www.caririemacao.com\/1\/wp-json\/wp\/v2\/tags?post=101224"}],"curies":[{"name":"wp","href":"https:\/\/api.w.org\/{rel}","templated":true}]}}