{"id":101231,"date":"2019-06-20T08:54:31","date_gmt":"2019-06-20T11:54:31","guid":{"rendered":"http:\/\/www.caririemacao.com\/1\/?p=101231"},"modified":"2019-06-20T08:54:31","modified_gmt":"2019-06-20T11:54:31","slug":"prefeitura-de-sao-sebastiao-do-umbuzeiro-realiza-arraia-da-educacao","status":"publish","type":"post","link":"https:\/\/www.caririemacao.com\/1\/2019\/06\/20\/prefeitura-de-sao-sebastiao-do-umbuzeiro-realiza-arraia-da-educacao\/","title":{"rendered":"Prefeitura de S\u00e3o Sebasti\u00e3o do Umbuzeiro realiza \u2018Arrai\u00e1 da Educa\u00e7\u00e3o\u2019"},"content":{"rendered":"\n<p>A Prefeitura de S\u00e3o Sebasti\u00e3o do Umbuzeiro, atrav\u00e9s da Secretaria de Educa\u00e7\u00e3o, realizou na tarde desta quarta-feira (19), o \u2018Arrai\u00e1 da Educa\u00e7\u00e3o\u2019 em comemora\u00e7\u00e3o as festividades juninas, marcando o encerramento do primeiro semestre letivo.<\/p>\n\n\n\n<p>O evento aconteceu na pra\u00e7a de eventos Abelardo Costa Leit\u00e3o e contou com a presen\u00e7a de um grande p\u00fablico. Como j\u00e1 bem diz o nome, o Arrai\u00e1 da Educa\u00e7\u00e3o, foi direcionado \u00e0 toda rede municipal de ensino, como tamb\u00e9m, a todo o p\u00fablico.<\/p>\n\n\n\n<p>As escolas e a Creche realizaram suas apresenta\u00e7\u00f5es com dan\u00e7as, al\u00e9m das quadrilhas e o casamento matuto, que encantaram a todos os presentes com suas desenvolturas, orgulhando ao povo S\u00e3o-Sebastianense.<\/p>\n\n\n\n<p>Confira todas as fotos&nbsp;<strong><a href=\"https:\/\/www.facebook.com\/BlogDoDidi\/photos\/?tab=album&amp;album_id=2338895399524613\" target=\"_blank\" rel=\"noreferrer noopener\">aqui!<\/a><\/strong><\/p>\n\n\n\n<figure class=\"wp-block-image\"><img decoding=\"async\" data-src=\"http:\/\/www.blogdodidi.com.br\/wp-content\/uploads\/2019\/06\/DSC01026-1.jpg\" alt=\"\" class=\"wp-image-89196 lazyload\" src=\"data:image\/svg+xml;base64,PHN2ZyB3aWR0aD0iMSIgaGVpZ2h0PSIxIiB4bWxucz0iaHR0cDovL3d3dy53My5vcmcvMjAwMC9zdmciPjwvc3ZnPg==\" \/><\/figure>\n\n\n\n<figure class=\"wp-block-image\"><img decoding=\"async\" data-src=\"http:\/\/www.blogdodidi.com.br\/wp-content\/uploads\/2019\/06\/DSC01027.jpg\" alt=\"\" class=\"wp-image-89198 lazyload\" src=\"data:image\/svg+xml;base64,PHN2ZyB3aWR0aD0iMSIgaGVpZ2h0PSIxIiB4bWxucz0iaHR0cDovL3d3dy53My5vcmcvMjAwMC9zdmciPjwvc3ZnPg==\" \/><\/figure>\n\n\n\n<figure class=\"wp-block-image\"><img decoding=\"async\" data-src=\"http:\/\/www.blogdodidi.com.br\/wp-content\/uploads\/2019\/06\/DSC01036.jpg\" alt=\"\" class=\"wp-image-89194 lazyload\" src=\"data:image\/svg+xml;base64,PHN2ZyB3aWR0aD0iMSIgaGVpZ2h0PSIxIiB4bWxucz0iaHR0cDovL3d3dy53My5vcmcvMjAwMC9zdmciPjwvc3ZnPg==\" \/><\/figure>\n\n\n\n<figure class=\"wp-block-image\"><img decoding=\"async\" data-src=\"http:\/\/www.blogdodidi.com.br\/wp-content\/uploads\/2019\/06\/DSC01040.jpg\" alt=\"\" class=\"wp-image-89195 lazyload\" src=\"data:image\/svg+xml;base64,PHN2ZyB3aWR0aD0iMSIgaGVpZ2h0PSIxIiB4bWxucz0iaHR0cDovL3d3dy53My5vcmcvMjAwMC9zdmciPjwvc3ZnPg==\" \/><figcaption><br><br><\/figcaption><\/figure>\n\n\n\n<p>Blog do Didi <\/p>\n","protected":false},"excerpt":{"rendered":"<p>A Prefeitura de S\u00e3o Sebasti\u00e3o do Umbuzeiro, atrav\u00e9s da Secretaria de Educa\u00e7\u00e3o, realizou na tarde desta quarta-feira (19), o \u2018Arrai\u00e1 da Educa\u00e7\u00e3o\u2019 em comemora\u00e7\u00e3o as&hellip; <\/p>\n","protected":false},"author":1,"featured_media":101232,"comment_status":"closed","ping_status":"closed","sticky":false,"template":"","format":"standard","meta":{"sfsi_plus_gutenberg_text_before_share":"","sfsi_plus_gutenberg_show_text_before_share":"","sfsi_plus_gutenberg_icon_type":"","sfsi_plus_gutenberg_icon_alignemt":"","sfsi_plus_gutenburg_max_per_row":"","footnotes":""},"categories":[6,50],"tags":[],"class_list":["post-101231","post","type-post","status-publish","format-standard","has-post-thumbnail","hentry","category-cidades","category-destaque"],"_links":{"self":[{"href":"https:\/\/www.caririemacao.com\/1\/wp-json\/wp\/v2\/posts\/101231","targetHints":{"allow":["GET"]}}],"collection":[{"href":"https:\/\/www.caririemacao.com\/1\/wp-json\/wp\/v2\/posts"}],"about":[{"href":"https:\/\/www.caririemacao.com\/1\/wp-json\/wp\/v2\/types\/post"}],"author":[{"embeddable":true,"href":"https:\/\/www.caririemacao.com\/1\/wp-json\/wp\/v2\/users\/1"}],"replies":[{"embeddable":true,"href":"https:\/\/www.caririemacao.com\/1\/wp-json\/wp\/v2\/comments?post=101231"}],"version-history":[{"count":1,"href":"https:\/\/www.caririemacao.com\/1\/wp-json\/wp\/v2\/posts\/101231\/revisions"}],"predecessor-version":[{"id":101233,"href":"https:\/\/www.caririemacao.com\/1\/wp-json\/wp\/v2\/posts\/101231\/revisions\/101233"}],"wp:featuredmedia":[{"embeddable":true,"href":"https:\/\/www.caririemacao.com\/1\/wp-json\/wp\/v2\/media\/101232"}],"wp:attachment":[{"href":"https:\/\/www.caririemacao.com\/1\/wp-json\/wp\/v2\/media?parent=101231"}],"wp:term":[{"taxonomy":"category","embeddable":true,"href":"https:\/\/www.caririemacao.com\/1\/wp-json\/wp\/v2\/categories?post=101231"},{"taxonomy":"post_tag","embeddable":true,"href":"https:\/\/www.caririemacao.com\/1\/wp-json\/wp\/v2\/tags?post=101231"}],"curies":[{"name":"wp","href":"https:\/\/api.w.org\/{rel}","templated":true}]}}