{"id":101236,"date":"2019-06-20T09:01:38","date_gmt":"2019-06-20T12:01:38","guid":{"rendered":"http:\/\/www.caririemacao.com\/1\/?p=101236"},"modified":"2019-06-20T09:01:38","modified_gmt":"2019-06-20T12:01:38","slug":"filho-de-bolsonaro-publica-em-rede-social-foto-de-crianca-com-arma-nas-maos","status":"publish","type":"post","link":"https:\/\/www.caririemacao.com\/1\/2019\/06\/20\/filho-de-bolsonaro-publica-em-rede-social-foto-de-crianca-com-arma-nas-maos\/","title":{"rendered":"Filho de Bolsonaro publica em rede social foto de crian\u00e7a com arma nas m\u00e3os"},"content":{"rendered":"\n<p>O deputado Eduardo Bolsonaro (PSL-SP) compartilhou nesta quarta-feira (19), em suas redes sociais, o v\u00eddeo de um menino com um rifle na m\u00e3o, o que infringe o ECA (Estatuto da Crian\u00e7a e do Adolescente).<\/p>\n\n\n\n<p>O garoto, que n\u00e3o aparenta mais de dez anos, empunha a arma enquanto dan\u00e7a e canta um funk (&#8220;hoje \u00e9 meu plant\u00e3o, f\u00e9 em Deus e nas crian\u00e7as&#8221;).<\/p>\n\n\n\n<p>O ca\u00e7ula dos tr\u00eas filhos pol\u00edticos do presidente Jair Bolsonaro ironiza na legenda: &#8220;Esse v\u00eddeo provavelmente foi gravado nos EUA ou Su\u00ed\u00e7a, pa\u00edses altamente armados. Ainda bem que estamos no Brasil e aqui al\u00e9m do desarmamento contamos com a prote\u00e7\u00e3o de nossos senadores!&#8221;<\/p>\n\n\n\n<p>Na v\u00e9spera, o plen\u00e1rio do Senado derrubou os decretos presidenciais que flexibilizam o porte e a posse de armas no Brasil.<\/p>\n\n\n\n<p>O ECA estabelece o direito \u00e0 preserva\u00e7\u00e3o da imagem e da identidade de crian\u00e7as e adolescentes. Isso inclui jovens infratores, como especifica um de seus artigos: &#8220;\u00c9 vedada a divulga\u00e7\u00e3o de atos judiciais, policiais e administrativos que digam respeito a crian\u00e7as e adolescentes a que se atribua autoria de ato infracional&#8221;.<\/p>\n\n\n\n<p>Seu pai j\u00e1 havia dito em agosto passado, na campanha eleitoral, que o ECA &#8220;tem que ser rasgado e jogado na latrina&#8221;, pois seria um &#8220;est\u00edmulo \u00e0 vagabundagem e \u00e0 malandragem infantil&#8221;.<\/p>\n\n\n\n<p>A declara\u00e7\u00e3o foi dada no mesmo dia em que Bolsonaro segurou uma crian\u00e7a no colo e simulou um rev\u00f3lver com os dedinhos dela.<\/p>\n\n\n\n<p>O ent\u00e3o presidenci\u00e1vel trouxe o tema \u00e0 tona para criticar a deputada Maria do Ros\u00e1rio (PT-RS), que o processa por dele ter ouvido que s\u00f3 n\u00e3o a estupraria porque ela n\u00e3o merece.<\/p>\n\n\n\n<p>Bolsonaro lembrou que ela votou contra um projeto de lei que reduz a maioridade penal.<\/p>\n\n\n\n<p>Na ocasi\u00e3o, seu filho deputado tamb\u00e9m se manifestou sobre o estatuto que zela por menores de idade. No Twitter, disse que, &#8220;se fizessem um plebiscito essa revoga\u00e7\u00e3o do ECA ganharia com &#8216;200% dos votos&#8217;!&#8221;.<\/p>\n","protected":false},"excerpt":{"rendered":"<p>O deputado Eduardo Bolsonaro (PSL-SP) compartilhou nesta quarta-feira (19), em suas redes sociais, o v\u00eddeo de um menino com um rifle na m\u00e3o, o que&hellip; <\/p>\n","protected":false},"author":1,"featured_media":86850,"comment_status":"closed","ping_status":"closed","sticky":false,"template":"","format":"standard","meta":{"sfsi_plus_gutenberg_text_before_share":"","sfsi_plus_gutenberg_show_text_before_share":"","sfsi_plus_gutenberg_icon_type":"","sfsi_plus_gutenberg_icon_alignemt":"","sfsi_plus_gutenburg_max_per_row":"","footnotes":""},"categories":[11],"tags":[],"class_list":["post-101236","post","type-post","status-publish","format-standard","has-post-thumbnail","hentry","category-politica"],"_links":{"self":[{"href":"https:\/\/www.caririemacao.com\/1\/wp-json\/wp\/v2\/posts\/101236","targetHints":{"allow":["GET"]}}],"collection":[{"href":"https:\/\/www.caririemacao.com\/1\/wp-json\/wp\/v2\/posts"}],"about":[{"href":"https:\/\/www.caririemacao.com\/1\/wp-json\/wp\/v2\/types\/post"}],"author":[{"embeddable":true,"href":"https:\/\/www.caririemacao.com\/1\/wp-json\/wp\/v2\/users\/1"}],"replies":[{"embeddable":true,"href":"https:\/\/www.caririemacao.com\/1\/wp-json\/wp\/v2\/comments?post=101236"}],"version-history":[{"count":1,"href":"https:\/\/www.caririemacao.com\/1\/wp-json\/wp\/v2\/posts\/101236\/revisions"}],"predecessor-version":[{"id":101237,"href":"https:\/\/www.caririemacao.com\/1\/wp-json\/wp\/v2\/posts\/101236\/revisions\/101237"}],"wp:featuredmedia":[{"embeddable":true,"href":"https:\/\/www.caririemacao.com\/1\/wp-json\/wp\/v2\/media\/86850"}],"wp:attachment":[{"href":"https:\/\/www.caririemacao.com\/1\/wp-json\/wp\/v2\/media?parent=101236"}],"wp:term":[{"taxonomy":"category","embeddable":true,"href":"https:\/\/www.caririemacao.com\/1\/wp-json\/wp\/v2\/categories?post=101236"},{"taxonomy":"post_tag","embeddable":true,"href":"https:\/\/www.caririemacao.com\/1\/wp-json\/wp\/v2\/tags?post=101236"}],"curies":[{"name":"wp","href":"https:\/\/api.w.org\/{rel}","templated":true}]}}