{"id":101240,"date":"2019-06-20T09:03:39","date_gmt":"2019-06-20T12:03:39","guid":{"rendered":"http:\/\/www.caririemacao.com\/1\/?p=101240"},"modified":"2019-06-20T09:03:39","modified_gmt":"2019-06-20T12:03:39","slug":"governo-qualifica-organizacoes-sociais-para-atuar-na-saude-da-pb","status":"publish","type":"post","link":"https:\/\/www.caririemacao.com\/1\/2019\/06\/20\/governo-qualifica-organizacoes-sociais-para-atuar-na-saude-da-pb\/","title":{"rendered":"Governo qualifica organiza\u00e7\u00f5es sociais para atuar na Sa\u00fade da PB"},"content":{"rendered":"\n<p>O Governo da Para\u00edba qualificou duas organiza\u00e7\u00f5es sociais para atuar na Sa\u00fade. Atrav\u00e9s do Di\u00e1rio Oficial do Estado (DOE), desta quinta-feira (20), o governador Jo\u00e3o Azev\u00eado (PSB) autorizou a atua\u00e7\u00e3o dos institutos Acqua (A\u00e7a\u00e3o, Cidadania, Qualidade Urbana e Ambiental), oriundo de Santo Andr\u00e9-SP, e Irmandade da Santa Casa de Miseric\u00f3rdia de Birigui, de Birigui-SP.<\/p>\n\n\n\n<p>A habilita\u00e7\u00e3o das organiza\u00e7\u00f5es sociais para administrar os hospitais p\u00fablicos do Estado, a exemplo do Trauma de Jo\u00e3o Pessoa, acontece ap\u00f3s a Opera\u00e7\u00e3o Calv\u00e1rio, que mira a Cruz Vermelha ga\u00facha em investiga\u00e7\u00f5es de desvio de dinheiro p\u00fablico.<\/p>\n\n\n\n<p>Tamb\u00e9m no DOE de hoje, o governo fez o chamamento para sele\u00e7\u00e3o de entidades qualificadas como organiza\u00e7\u00f5es sociais para atuar na Educa\u00e7\u00e3o, com o objetivo de garantir suporte \u00e0s a\u00e7\u00f5es e servi\u00e7os de apoio escolar em unidades escolares. Para entregar a proposta, o interessado deve ir a partir do dia 8 de agosto, ao Centro Administrativo Estadual, no bairro de Jaguaribe, em Jo\u00e3o Pessoa.<\/p>\n\n\n\n<p><strong>MaisPB<\/strong><\/p>\n","protected":false},"excerpt":{"rendered":"<p>O Governo da Para\u00edba qualificou duas organiza\u00e7\u00f5es sociais para atuar na Sa\u00fade. Atrav\u00e9s do Di\u00e1rio Oficial do Estado (DOE), desta quinta-feira (20), o governador Jo\u00e3o&hellip; <\/p>\n","protected":false},"author":1,"featured_media":101241,"comment_status":"closed","ping_status":"closed","sticky":false,"template":"","format":"standard","meta":{"sfsi_plus_gutenberg_text_before_share":"","sfsi_plus_gutenberg_show_text_before_share":"","sfsi_plus_gutenberg_icon_type":"","sfsi_plus_gutenberg_icon_alignemt":"","sfsi_plus_gutenburg_max_per_row":"","footnotes":""},"categories":[11],"tags":[],"class_list":["post-101240","post","type-post","status-publish","format-standard","has-post-thumbnail","hentry","category-politica"],"_links":{"self":[{"href":"https:\/\/www.caririemacao.com\/1\/wp-json\/wp\/v2\/posts\/101240","targetHints":{"allow":["GET"]}}],"collection":[{"href":"https:\/\/www.caririemacao.com\/1\/wp-json\/wp\/v2\/posts"}],"about":[{"href":"https:\/\/www.caririemacao.com\/1\/wp-json\/wp\/v2\/types\/post"}],"author":[{"embeddable":true,"href":"https:\/\/www.caririemacao.com\/1\/wp-json\/wp\/v2\/users\/1"}],"replies":[{"embeddable":true,"href":"https:\/\/www.caririemacao.com\/1\/wp-json\/wp\/v2\/comments?post=101240"}],"version-history":[{"count":1,"href":"https:\/\/www.caririemacao.com\/1\/wp-json\/wp\/v2\/posts\/101240\/revisions"}],"predecessor-version":[{"id":101242,"href":"https:\/\/www.caririemacao.com\/1\/wp-json\/wp\/v2\/posts\/101240\/revisions\/101242"}],"wp:featuredmedia":[{"embeddable":true,"href":"https:\/\/www.caririemacao.com\/1\/wp-json\/wp\/v2\/media\/101241"}],"wp:attachment":[{"href":"https:\/\/www.caririemacao.com\/1\/wp-json\/wp\/v2\/media?parent=101240"}],"wp:term":[{"taxonomy":"category","embeddable":true,"href":"https:\/\/www.caririemacao.com\/1\/wp-json\/wp\/v2\/categories?post=101240"},{"taxonomy":"post_tag","embeddable":true,"href":"https:\/\/www.caririemacao.com\/1\/wp-json\/wp\/v2\/tags?post=101240"}],"curies":[{"name":"wp","href":"https:\/\/api.w.org\/{rel}","templated":true}]}}