{"id":101259,"date":"2019-06-20T09:14:17","date_gmt":"2019-06-20T12:14:17","guid":{"rendered":"http:\/\/www.caririemacao.com\/1\/?p=101259"},"modified":"2019-06-20T09:14:17","modified_gmt":"2019-06-20T12:14:17","slug":"representante-do-mdr-explica-falta-de-bombeamento-no-eixo-leste-da-transposicao","status":"publish","type":"post","link":"https:\/\/www.caririemacao.com\/1\/2019\/06\/20\/representante-do-mdr-explica-falta-de-bombeamento-no-eixo-leste-da-transposicao\/","title":{"rendered":"Representante do MDR explica falta de bombeamento no eixo leste da transposi\u00e7\u00e3o"},"content":{"rendered":"\n<p>O coordenador Geral da Secretaria Nacional do Minist\u00e9rio de Desenvolvimento Regional (MDR) Rafael Silveira, presente na audi\u00eancia da C\u00e2mara de vereadores, falou em entrevista nesta quarta-feira, 19, sobre a suspens\u00e3o do bombeamento do eixo leste da transposi\u00e7\u00e3o do Rio S\u00e3o Francisco, que leva \u00e1gua ao a\u00e7ude Epit\u00e1cio Pessoa, e afirmou sobre a import\u00e2ncia da interven\u00e7\u00e3o do estado na seguran\u00e7a h\u00eddrica.<\/p>\n\n\n\n<p>O coordenador falou sobre a suspens\u00e3o do bombeamento e informou que t\u00e9cnicos j\u00e1 t\u00eam trabalhado na resolu\u00e7\u00e3o de problemas que impedem a libera\u00e7\u00e3o do bombeamento.<\/p>\n\n\n\n<p>\u2013 Fomos notificados pela Ag\u00eancia Nacional de \u00c1guas, sobre a barragem de Cacimba Nova, em Sert\u00e2nia (PE). Essa barragem est\u00e1 com um problema de vazamento na funda\u00e7\u00e3o dela. Ent\u00e3o como estamos na fase de pr\u00e9-opera\u00e7\u00e3o, na fase de testes, estamos trabalhando para resolver esse problema de opera\u00e7\u00e3o \u2013 explicou<\/p>\n\n\n\n<p>Ainda durante a entrevista, o coordenador ressaltou que a transposi\u00e7\u00e3o \u00e9 uma alternativa para seguran\u00e7a h\u00eddrica dos estados, mas que cabe \u00e0 gest\u00e3o h\u00eddrica destes definir qual a melhor forma de gerir os recursos.<\/p>\n","protected":false},"excerpt":{"rendered":"<p>O coordenador Geral da Secretaria Nacional do Minist\u00e9rio de Desenvolvimento Regional (MDR) Rafael Silveira, presente na audi\u00eancia da C\u00e2mara de vereadores, falou em entrevista nesta&hellip; <\/p>\n","protected":false},"author":1,"featured_media":75136,"comment_status":"closed","ping_status":"closed","sticky":false,"template":"","format":"standard","meta":{"sfsi_plus_gutenberg_text_before_share":"","sfsi_plus_gutenberg_show_text_before_share":"","sfsi_plus_gutenberg_icon_type":"","sfsi_plus_gutenberg_icon_alignemt":"","sfsi_plus_gutenburg_max_per_row":"","footnotes":""},"categories":[11],"tags":[],"class_list":["post-101259","post","type-post","status-publish","format-standard","has-post-thumbnail","hentry","category-politica"],"_links":{"self":[{"href":"https:\/\/www.caririemacao.com\/1\/wp-json\/wp\/v2\/posts\/101259","targetHints":{"allow":["GET"]}}],"collection":[{"href":"https:\/\/www.caririemacao.com\/1\/wp-json\/wp\/v2\/posts"}],"about":[{"href":"https:\/\/www.caririemacao.com\/1\/wp-json\/wp\/v2\/types\/post"}],"author":[{"embeddable":true,"href":"https:\/\/www.caririemacao.com\/1\/wp-json\/wp\/v2\/users\/1"}],"replies":[{"embeddable":true,"href":"https:\/\/www.caririemacao.com\/1\/wp-json\/wp\/v2\/comments?post=101259"}],"version-history":[{"count":1,"href":"https:\/\/www.caririemacao.com\/1\/wp-json\/wp\/v2\/posts\/101259\/revisions"}],"predecessor-version":[{"id":101260,"href":"https:\/\/www.caririemacao.com\/1\/wp-json\/wp\/v2\/posts\/101259\/revisions\/101260"}],"wp:featuredmedia":[{"embeddable":true,"href":"https:\/\/www.caririemacao.com\/1\/wp-json\/wp\/v2\/media\/75136"}],"wp:attachment":[{"href":"https:\/\/www.caririemacao.com\/1\/wp-json\/wp\/v2\/media?parent=101259"}],"wp:term":[{"taxonomy":"category","embeddable":true,"href":"https:\/\/www.caririemacao.com\/1\/wp-json\/wp\/v2\/categories?post=101259"},{"taxonomy":"post_tag","embeddable":true,"href":"https:\/\/www.caririemacao.com\/1\/wp-json\/wp\/v2\/tags?post=101259"}],"curies":[{"name":"wp","href":"https:\/\/api.w.org\/{rel}","templated":true}]}}