{"id":101263,"date":"2019-06-20T09:17:20","date_gmt":"2019-06-20T12:17:20","guid":{"rendered":"http:\/\/www.caririemacao.com\/1\/?p=101263"},"modified":"2019-06-20T09:17:20","modified_gmt":"2019-06-20T12:17:20","slug":"senador-da-invertida-em-moro-e-questiona-foi-sensacionalista-divulgar-conversas-de-dilma","status":"publish","type":"post","link":"https:\/\/www.caririemacao.com\/1\/2019\/06\/20\/senador-da-invertida-em-moro-e-questiona-foi-sensacionalista-divulgar-conversas-de-dilma\/","title":{"rendered":"Senador d\u00e1 invertida em Moro e questiona: \u201cfoi sensacionalista divulgar conversas de Dilma?\u201d"},"content":{"rendered":"\n<p>O senador Jaques Wagner (PT-BA) questionou o ministro da Justi\u00e7a e Seguran\u00e7a P\u00fablica, S\u00e9rgio Moro, se ele n\u00e3o achou \u201csensacionalista\u201d a divulga\u00e7\u00e3o dos grampos da ent\u00e3o presidente Dilma Rousseff com o ex-presidente Lula no Jornal Nacional, da TV Globo, pela Lava Jato em abril de 2016. A indaga\u00e7\u00e3o foi feita nesta quarta-feira 19 durante audi\u00eancia na Comiss\u00e3o de Constitui\u00e7\u00e3o e Justi\u00e7a (CCJ) no Senado, onde Moro dep\u00f5e.<\/p>\n\n\n\n<p>\u201cO ministro insiste em desqualificar o site e cham\u00e1-lo de sensacionalista. O site j\u00e1 ganhou o \u2018Oscar do jornalismo\u2019 com a revela\u00e7\u00e3o dos \u2018wikileaks\u2019. O combate \u00e0 corrup\u00e7\u00e3o \u00e9 pr\u00e9-requisito para qualquer pessoa na vida p\u00fablica. A melhor forma \u00e9 responder o que est\u00e1 sendo revelado. Foi uma medida sensacionalista divulgar conversas grampeadas de Dilma? Colocar no pelourinho a dignidade de pessoas que deveria ser mantido em sigilo? Como no caso da Escola Base, por exemplo, que n\u00e3o tem nada a ver com Vossa Excel\u00eancia\u201d, disse Wagner.<\/p>\n\n\n\n<p>\u201cPensa em se afastar do cargo para n\u00e3o prejudicar as investiga\u00e7\u00f5es se ela for para a Pol\u00edcia Federal?\u201d, indagou ainda.<\/p>\n\n\n\n<p>Antes disso, Moro por diversas vezes se referiu ao site The Intercept, respons\u00e1vel pela divulga\u00e7\u00e3o das conversas vazadas entre o ex-juiz e a for\u00e7a-tarefa da Lava Jato, como \u201csensacionalista\u201d.<\/p>\n\n\n\n<p>\u201cO impacto inicial decorrente do sensacionalismo da divulga\u00e7\u00e3o dessas not\u00edcias geraram uma repercuss\u00e3o indevida e o tempo est\u00e1 colocando as coisas no seu devido lugar. H\u00e1 divulga\u00e7\u00e3o sensacionalista e isso coloca em questionamento quais as motiva\u00e7\u00f5es\u201d, respondeu Moro.<\/p>\n\n\n\n<p>Jaques Wagner voltou a cobrar: \u201co senhor ainda n\u00e3o respondeu se foi sensacionalista a divulga\u00e7\u00e3o dos \u00e1udios de Dilma\u201d. \u201cO senhor acha de bom tom deixar o cargo para as investiga\u00e7\u00f5es?\u201d, repetiu o senador. <\/p>\n\n\n\n<p>Com informa\u00e7\u00f5es do\u00a0<a href=\"https:\/\/www.brasil247.com\/regionais\/nordeste\/jaques-wagner-a-moro-foi-medida-sensacionalista-divulgar-conversas-grampeadas-de-dilma\"><strong>Brasil 247<\/strong><\/a>.<\/p>\n","protected":false},"excerpt":{"rendered":"<p>O senador Jaques Wagner (PT-BA) questionou o ministro da Justi\u00e7a e Seguran\u00e7a P\u00fablica, S\u00e9rgio Moro, se ele n\u00e3o achou \u201csensacionalista\u201d a divulga\u00e7\u00e3o dos grampos da&hellip; <\/p>\n","protected":false},"author":1,"featured_media":101264,"comment_status":"closed","ping_status":"closed","sticky":false,"template":"","format":"standard","meta":{"sfsi_plus_gutenberg_text_before_share":"","sfsi_plus_gutenberg_show_text_before_share":"","sfsi_plus_gutenberg_icon_type":"","sfsi_plus_gutenberg_icon_alignemt":"","sfsi_plus_gutenburg_max_per_row":"","footnotes":""},"categories":[11],"tags":[],"class_list":["post-101263","post","type-post","status-publish","format-standard","has-post-thumbnail","hentry","category-politica"],"_links":{"self":[{"href":"https:\/\/www.caririemacao.com\/1\/wp-json\/wp\/v2\/posts\/101263","targetHints":{"allow":["GET"]}}],"collection":[{"href":"https:\/\/www.caririemacao.com\/1\/wp-json\/wp\/v2\/posts"}],"about":[{"href":"https:\/\/www.caririemacao.com\/1\/wp-json\/wp\/v2\/types\/post"}],"author":[{"embeddable":true,"href":"https:\/\/www.caririemacao.com\/1\/wp-json\/wp\/v2\/users\/1"}],"replies":[{"embeddable":true,"href":"https:\/\/www.caririemacao.com\/1\/wp-json\/wp\/v2\/comments?post=101263"}],"version-history":[{"count":1,"href":"https:\/\/www.caririemacao.com\/1\/wp-json\/wp\/v2\/posts\/101263\/revisions"}],"predecessor-version":[{"id":101265,"href":"https:\/\/www.caririemacao.com\/1\/wp-json\/wp\/v2\/posts\/101263\/revisions\/101265"}],"wp:featuredmedia":[{"embeddable":true,"href":"https:\/\/www.caririemacao.com\/1\/wp-json\/wp\/v2\/media\/101264"}],"wp:attachment":[{"href":"https:\/\/www.caririemacao.com\/1\/wp-json\/wp\/v2\/media?parent=101263"}],"wp:term":[{"taxonomy":"category","embeddable":true,"href":"https:\/\/www.caririemacao.com\/1\/wp-json\/wp\/v2\/categories?post=101263"},{"taxonomy":"post_tag","embeddable":true,"href":"https:\/\/www.caririemacao.com\/1\/wp-json\/wp\/v2\/tags?post=101263"}],"curies":[{"name":"wp","href":"https:\/\/api.w.org\/{rel}","templated":true}]}}