{"id":101279,"date":"2019-06-20T10:19:48","date_gmt":"2019-06-20T13:19:48","guid":{"rendered":"http:\/\/www.caririemacao.com\/1\/?p=101279"},"modified":"2019-06-20T10:19:48","modified_gmt":"2019-06-20T13:19:48","slug":"prefeito-celio-barbosa-entregara-pacote-de-obras-em-evento-publico-nesta-quinta-feira","status":"publish","type":"post","link":"https:\/\/www.caririemacao.com\/1\/2019\/06\/20\/prefeito-celio-barbosa-entregara-pacote-de-obras-em-evento-publico-nesta-quinta-feira\/","title":{"rendered":"Prefeito C\u00e9lio Barbosa entregar\u00e1 pacote de obras em evento p\u00fablico nesta quinta-feira"},"content":{"rendered":"\n<p>O prefeito C\u00e9lio Barbosa estar\u00e1 nesta quinta-feira (20) entregando a popula\u00e7\u00e3o de S\u00e3o Jo\u00e3o do Tigre benef\u00edcios e obras que atender\u00e3o com qualidade a popula\u00e7\u00e3o do munic\u00edpio, al\u00e9m de responder a uma demanda dos tigrenses. A gest\u00e3o do prefeito C\u00e9lio Barbosa \u00e9 bastante operosa em obras, mas tem um foco na humaniza\u00e7\u00e3o e por isso n\u00e3o para de fazer novos investimentos voltados \u00e0 popula\u00e7\u00e3o. A solenidade de inaugura\u00e7\u00e3o das obras se dar\u00e1 na pra\u00e7a central a partir das 15hrs.\u201cEstaremos realizando muitas obras ainda com o intuito de &nbsp;proporcionar a melhoria nas condi\u00e7\u00f5es de vida da popula\u00e7\u00e3o da nossa cidade. Estou muito feliz em poder estar honrando mais este compromisso. Estamos trabalhando para ampliar ainda mais os investimentos e continuar a oferecer \u00e0 comunidade esses benef\u00edcios\u201d, afirmou o prefeito C\u00e9lio Barbosa.<\/p>\n\n\n\n<div class=\"wp-block-image\"><figure class=\"alignright\"><img decoding=\"async\" data-src=\"http:\/\/deolhonocariri.com.br\/wp-content\/uploads\/2019\/06\/praca_tigre_3.jpg\" alt=\"\" class=\"wp-image-68261 lazyload\" src=\"data:image\/svg+xml;base64,PHN2ZyB3aWR0aD0iMSIgaGVpZ2h0PSIxIiB4bWxucz0iaHR0cDovL3d3dy53My5vcmcvMjAwMC9zdmciPjwvc3ZnPg==\" \/><\/figure><\/div>\n\n\n\n<p>Confira a programa\u00e7\u00e3o completa:<strong>15:00<\/strong>&nbsp;Apresenta\u00e7\u00e3o cultural<strong>15:30<\/strong>&nbsp;Apresenta\u00e7\u00e3o de Lula Poeta<strong>16:00<\/strong>&nbsp;Inaugura\u00e7\u00e3o da nova pra\u00e7a de eventos com rotat\u00f3ria com identifica\u00e7\u00e3o da cidadeInaugura\u00e7\u00e3o da pra\u00e7a Estanislau Ventura MendesEntregas de unidades habitacionalEntrega de caminh\u00e3o compactador<br>Entrega de mudas de plantas nativas<strong>17:30<\/strong>&nbsp;Apresenta\u00e7\u00e3o culturais da assist\u00eancia<strong>19:00<\/strong>&nbsp;Concurso de forr\u00f3<strong>20:00<\/strong>&nbsp;P\u00e9 de Serra com Ot\u00e1vio do Acordeon e Henrrique dos teclados<strong>De Olho no Cariri<\/strong><\/p>\n","protected":false},"excerpt":{"rendered":"<p>O prefeito C\u00e9lio Barbosa estar\u00e1 nesta quinta-feira (20) entregando a popula\u00e7\u00e3o de S\u00e3o Jo\u00e3o do Tigre benef\u00edcios e obras que atender\u00e3o com qualidade a popula\u00e7\u00e3o&hellip; <\/p>\n","protected":false},"author":1,"featured_media":101280,"comment_status":"closed","ping_status":"closed","sticky":false,"template":"","format":"standard","meta":{"sfsi_plus_gutenberg_text_before_share":"","sfsi_plus_gutenberg_show_text_before_share":"","sfsi_plus_gutenberg_icon_type":"","sfsi_plus_gutenberg_icon_alignemt":"","sfsi_plus_gutenburg_max_per_row":"","footnotes":""},"categories":[6],"tags":[],"class_list":["post-101279","post","type-post","status-publish","format-standard","has-post-thumbnail","hentry","category-cidades"],"_links":{"self":[{"href":"https:\/\/www.caririemacao.com\/1\/wp-json\/wp\/v2\/posts\/101279","targetHints":{"allow":["GET"]}}],"collection":[{"href":"https:\/\/www.caririemacao.com\/1\/wp-json\/wp\/v2\/posts"}],"about":[{"href":"https:\/\/www.caririemacao.com\/1\/wp-json\/wp\/v2\/types\/post"}],"author":[{"embeddable":true,"href":"https:\/\/www.caririemacao.com\/1\/wp-json\/wp\/v2\/users\/1"}],"replies":[{"embeddable":true,"href":"https:\/\/www.caririemacao.com\/1\/wp-json\/wp\/v2\/comments?post=101279"}],"version-history":[{"count":1,"href":"https:\/\/www.caririemacao.com\/1\/wp-json\/wp\/v2\/posts\/101279\/revisions"}],"predecessor-version":[{"id":101281,"href":"https:\/\/www.caririemacao.com\/1\/wp-json\/wp\/v2\/posts\/101279\/revisions\/101281"}],"wp:featuredmedia":[{"embeddable":true,"href":"https:\/\/www.caririemacao.com\/1\/wp-json\/wp\/v2\/media\/101280"}],"wp:attachment":[{"href":"https:\/\/www.caririemacao.com\/1\/wp-json\/wp\/v2\/media?parent=101279"}],"wp:term":[{"taxonomy":"category","embeddable":true,"href":"https:\/\/www.caririemacao.com\/1\/wp-json\/wp\/v2\/categories?post=101279"},{"taxonomy":"post_tag","embeddable":true,"href":"https:\/\/www.caririemacao.com\/1\/wp-json\/wp\/v2\/tags?post=101279"}],"curies":[{"name":"wp","href":"https:\/\/api.w.org\/{rel}","templated":true}]}}