{"id":101298,"date":"2019-06-20T13:05:32","date_gmt":"2019-06-20T16:05:32","guid":{"rendered":"http:\/\/www.caririemacao.com\/1\/?p=101298"},"modified":"2019-06-20T13:05:32","modified_gmt":"2019-06-20T16:05:32","slug":"camara-de-caraubas-aprova-ldo-para-2019","status":"publish","type":"post","link":"https:\/\/www.caririemacao.com\/1\/2019\/06\/20\/camara-de-caraubas-aprova-ldo-para-2019\/","title":{"rendered":"C\u00e2mara de Cara\u00fabas aprova LDO para 2019"},"content":{"rendered":"\n<p>A C\u00e2mara Municipal de Cara\u00fabas aprovou na noite desta \u00faltima ter\u00e7a-feira, dia 18, a Lei de Diretrizes Or\u00e7ament\u00e1rias (LDO). O projeto de iniciativa do Poder Executivo foi aprovado por unanimidade.<\/p>\n\n\n\n<figure class=\"wp-block-image\"><img fetchpriority=\"high\" decoding=\"async\" width=\"1024\" height=\"768\" src=\"http:\/\/www.caririemacao.com\/1\/wp-content\/uploads\/2019\/06\/WhatsApp-Image-2019-06-19-at-07.22.34-1024x768.jpeg\" alt=\"\" class=\"wp-image-101300\" srcset=\"https:\/\/www.caririemacao.com\/1\/wp-content\/uploads\/2019\/06\/WhatsApp-Image-2019-06-19-at-07.22.34-1024x768.jpeg 1024w, https:\/\/www.caririemacao.com\/1\/wp-content\/uploads\/2019\/06\/WhatsApp-Image-2019-06-19-at-07.22.34-300x225.jpeg 300w, https:\/\/www.caririemacao.com\/1\/wp-content\/uploads\/2019\/06\/WhatsApp-Image-2019-06-19-at-07.22.34-768x576.jpeg 768w, https:\/\/www.caririemacao.com\/1\/wp-content\/uploads\/2019\/06\/WhatsApp-Image-2019-06-19-at-07.22.34.jpeg 1040w\" sizes=\"(max-width: 1024px) 100vw, 1024px\" \/><\/figure>\n\n\n\n<p>Vale destacar que antes de ser colocado para vota\u00e7\u00e3o, houve\numa ampla discuss\u00e3o atrav\u00e9s de uma audi\u00eancia p\u00fablica realizada no dia 11\/06, no\nplen\u00e1rio Severino Virginio da Silva e contou com a presen\u00e7a de vereadores,\nprefeito Silvano, secret\u00e1rios, t\u00e9cnicos da Prefeitura Municipal de C\u00e2mara e da\npopula\u00e7\u00e3o caraubense.<\/p>\n\n\n\n<p>De acordo com o presidente e vereador Jos\u00e9 Franconero, na\nsess\u00e3o ainda foi apresentado um requerimento do vereador Tomaz Aquino que\nsolicita a constru\u00e7\u00e3o de banheiros\/sanit\u00e1rios masculino e feminino e para portadores\nde necessidades especiais no Est\u00e1dio de Futebol Jos\u00e9 Valderi Neves, com o\nobjetivo de atender a demanda de torcedores que visitam aquela pra\u00e7a de\nesportes, especialmente em dias de jogos de campeonatos municipais e regionais.<\/p>\n","protected":false},"excerpt":{"rendered":"<p>A C\u00e2mara Municipal de Cara\u00fabas aprovou na noite desta \u00faltima ter\u00e7a-feira, dia 18, a Lei de Diretrizes Or\u00e7ament\u00e1rias (LDO). O projeto de iniciativa do Poder&hellip; <\/p>\n","protected":false},"author":2,"featured_media":101299,"comment_status":"closed","ping_status":"closed","sticky":false,"template":"","format":"standard","meta":{"sfsi_plus_gutenberg_text_before_share":"","sfsi_plus_gutenberg_show_text_before_share":"","sfsi_plus_gutenberg_icon_type":"","sfsi_plus_gutenberg_icon_alignemt":"","sfsi_plus_gutenburg_max_per_row":"","footnotes":""},"categories":[6,50],"tags":[],"class_list":["post-101298","post","type-post","status-publish","format-standard","has-post-thumbnail","hentry","category-cidades","category-destaque"],"_links":{"self":[{"href":"https:\/\/www.caririemacao.com\/1\/wp-json\/wp\/v2\/posts\/101298","targetHints":{"allow":["GET"]}}],"collection":[{"href":"https:\/\/www.caririemacao.com\/1\/wp-json\/wp\/v2\/posts"}],"about":[{"href":"https:\/\/www.caririemacao.com\/1\/wp-json\/wp\/v2\/types\/post"}],"author":[{"embeddable":true,"href":"https:\/\/www.caririemacao.com\/1\/wp-json\/wp\/v2\/users\/2"}],"replies":[{"embeddable":true,"href":"https:\/\/www.caririemacao.com\/1\/wp-json\/wp\/v2\/comments?post=101298"}],"version-history":[{"count":1,"href":"https:\/\/www.caririemacao.com\/1\/wp-json\/wp\/v2\/posts\/101298\/revisions"}],"predecessor-version":[{"id":101301,"href":"https:\/\/www.caririemacao.com\/1\/wp-json\/wp\/v2\/posts\/101298\/revisions\/101301"}],"wp:featuredmedia":[{"embeddable":true,"href":"https:\/\/www.caririemacao.com\/1\/wp-json\/wp\/v2\/media\/101299"}],"wp:attachment":[{"href":"https:\/\/www.caririemacao.com\/1\/wp-json\/wp\/v2\/media?parent=101298"}],"wp:term":[{"taxonomy":"category","embeddable":true,"href":"https:\/\/www.caririemacao.com\/1\/wp-json\/wp\/v2\/categories?post=101298"},{"taxonomy":"post_tag","embeddable":true,"href":"https:\/\/www.caririemacao.com\/1\/wp-json\/wp\/v2\/tags?post=101298"}],"curies":[{"name":"wp","href":"https:\/\/api.w.org\/{rel}","templated":true}]}}