{"id":101302,"date":"2019-06-20T14:36:36","date_gmt":"2019-06-20T17:36:36","guid":{"rendered":"http:\/\/www.caririemacao.com\/1\/?p=101302"},"modified":"2019-06-20T14:36:36","modified_gmt":"2019-06-20T17:36:36","slug":"homem-e-acusado-de-matar-cachorros-no-cariri","status":"publish","type":"post","link":"https:\/\/www.caririemacao.com\/1\/2019\/06\/20\/homem-e-acusado-de-matar-cachorros-no-cariri\/","title":{"rendered":"Homem \u00e9 acusado de matar cachorros no Cariri"},"content":{"rendered":"\n<p>Por volta de uma hora desta quinta-feira, dia 20, a Pol\u00edcia\nMilitar foi acionada para acompanhar uma ocorr\u00eancia de maus tratos a animais, no\nS\u00edtio Deserto, zona rural de Monteiro, no Cariri Paraibano.<\/p>\n\n\n\n<p>Segundo as informa\u00e7\u00f5es, o acusado, o senhor Heleno Batista\nde Lima, havia efetuado disparos de espingarda de cartuchos contra dois animais\ndo Sr. Jo\u00e3o Evangelista.<\/p>\n\n\n\n<p>Quando a PM chegou ao local foi constatado a veracidade das\ninforma\u00e7\u00f5es, onde foi localizado o acusado que disse n\u00e3o saber onde havia\ncolocado a espingarda usada para matar os animais, sendo que que foi encontrada\numa espingarda de fabrica\u00e7\u00e3o caseira do tipo soca-soca no quarto da casa.<\/p>\n\n\n\n<p>Senhor Heleno e todos os envolvidos foram conduzidos a Delegacia\nde Pol\u00edcia em Monteiro para serem ouvidos pelo delegado de plant\u00e3o.<\/p>\n","protected":false},"excerpt":{"rendered":"<p>Por volta de uma hora desta quinta-feira, dia 20, a Pol\u00edcia Militar foi acionada para acompanhar uma ocorr\u00eancia de maus tratos a animais, no S\u00edtio&hellip; <\/p>\n","protected":false},"author":2,"featured_media":101303,"comment_status":"closed","ping_status":"closed","sticky":false,"template":"","format":"standard","meta":{"sfsi_plus_gutenberg_text_before_share":"","sfsi_plus_gutenberg_show_text_before_share":"","sfsi_plus_gutenberg_icon_type":"","sfsi_plus_gutenberg_icon_alignemt":"","sfsi_plus_gutenburg_max_per_row":"","footnotes":""},"categories":[50,12],"tags":[],"class_list":["post-101302","post","type-post","status-publish","format-standard","has-post-thumbnail","hentry","category-destaque","category-policia"],"_links":{"self":[{"href":"https:\/\/www.caririemacao.com\/1\/wp-json\/wp\/v2\/posts\/101302","targetHints":{"allow":["GET"]}}],"collection":[{"href":"https:\/\/www.caririemacao.com\/1\/wp-json\/wp\/v2\/posts"}],"about":[{"href":"https:\/\/www.caririemacao.com\/1\/wp-json\/wp\/v2\/types\/post"}],"author":[{"embeddable":true,"href":"https:\/\/www.caririemacao.com\/1\/wp-json\/wp\/v2\/users\/2"}],"replies":[{"embeddable":true,"href":"https:\/\/www.caririemacao.com\/1\/wp-json\/wp\/v2\/comments?post=101302"}],"version-history":[{"count":1,"href":"https:\/\/www.caririemacao.com\/1\/wp-json\/wp\/v2\/posts\/101302\/revisions"}],"predecessor-version":[{"id":101304,"href":"https:\/\/www.caririemacao.com\/1\/wp-json\/wp\/v2\/posts\/101302\/revisions\/101304"}],"wp:featuredmedia":[{"embeddable":true,"href":"https:\/\/www.caririemacao.com\/1\/wp-json\/wp\/v2\/media\/101303"}],"wp:attachment":[{"href":"https:\/\/www.caririemacao.com\/1\/wp-json\/wp\/v2\/media?parent=101302"}],"wp:term":[{"taxonomy":"category","embeddable":true,"href":"https:\/\/www.caririemacao.com\/1\/wp-json\/wp\/v2\/categories?post=101302"},{"taxonomy":"post_tag","embeddable":true,"href":"https:\/\/www.caririemacao.com\/1\/wp-json\/wp\/v2\/tags?post=101302"}],"curies":[{"name":"wp","href":"https:\/\/api.w.org\/{rel}","templated":true}]}}