{"id":101306,"date":"2019-06-20T14:46:51","date_gmt":"2019-06-20T17:46:51","guid":{"rendered":"http:\/\/www.caririemacao.com\/1\/?p=101306"},"modified":"2019-06-20T14:46:51","modified_gmt":"2019-06-20T17:46:51","slug":"policia-prende-homem-acusado-por-trafico-de-droga-e-crime-ambiental","status":"publish","type":"post","link":"https:\/\/www.caririemacao.com\/1\/2019\/06\/20\/policia-prende-homem-acusado-por-trafico-de-droga-e-crime-ambiental\/","title":{"rendered":"Pol\u00edcia prende homem acusado por tr\u00e1fico de droga e crime ambiental"},"content":{"rendered":"\n<p>Na manh\u00e3 desta quinta-feira, dia 20, por volta das 10h, a ROTAM\nrecebeu uma den\u00fancia que um indiv\u00edduo conhecido por Congo estava traficando no\nbairro do Alto do Cemit\u00e9rio em Monteiro.<\/p>\n\n\n\n<p>Ap\u00f3s a den\u00fancia, a Rotam imediatamente se deslocou at\u00e9 o\nlocal indicado e ao chegar no local de in\u00edcio, foi visualizado cinco p\u00e1ssaros\nem gaiolas na \u00e1rea da resid\u00eancia indicada e que o acusado Jos\u00e9 Carlos Gomes de\nAra\u00fajo &#8220;Congo&#8221; foi localizado e o foi perguntado se havia algo mais\nde il\u00edcito em sua resid\u00eancia, o mesmo respondeu que n\u00e3o e autorizou a entrada\nda GU na resid\u00eancia.<\/p>\n\n\n\n<p>Na resid\u00eancia do acusado, foi localizado 8 por\u00e7\u00f5es &#8220;trouxinhas&#8221;\nde subst\u00e2ncia semelhante a maconha, nada mais de il\u00edcito e nada mais encontrado.<\/p>\n\n\n\n<p>Os p\u00e1ssaros, subst\u00e2ncia semelhante a maconha e Jos\u00e9 Carlos\nforam conduzidos a DP da cidade de Monteiro para que serem tomadas as medidas\nnecess\u00e1rias.<\/p>\n\n\n\n<p>Foram apreendidos:<\/p>\n\n\n\n<p>&#8211; 05 p\u00e1ssaros <\/p>\n\n\n\n<p>&#8211; 08 por\u00e7\u00f5es &#8221; trouxinhas&#8221; de subst\u00e2ncia\nsemelhante a maconha<\/p>\n\n\n\n<p>&#8211; 5 celulares <\/p>\n\n\n\n<p>&#8211; R$ 563,45<\/p>\n\n\n\n<p><br><\/p>\n","protected":false},"excerpt":{"rendered":"<p>Na manh\u00e3 desta quinta-feira, dia 20, por volta das 10h, a ROTAM recebeu uma den\u00fancia que um indiv\u00edduo conhecido por Congo estava traficando no bairro&hellip; <\/p>\n","protected":false},"author":2,"featured_media":101307,"comment_status":"closed","ping_status":"closed","sticky":false,"template":"","format":"standard","meta":{"sfsi_plus_gutenberg_text_before_share":"","sfsi_plus_gutenberg_show_text_before_share":"","sfsi_plus_gutenberg_icon_type":"","sfsi_plus_gutenberg_icon_alignemt":"","sfsi_plus_gutenburg_max_per_row":"","footnotes":""},"categories":[50,12],"tags":[],"class_list":["post-101306","post","type-post","status-publish","format-standard","has-post-thumbnail","hentry","category-destaque","category-policia"],"_links":{"self":[{"href":"https:\/\/www.caririemacao.com\/1\/wp-json\/wp\/v2\/posts\/101306","targetHints":{"allow":["GET"]}}],"collection":[{"href":"https:\/\/www.caririemacao.com\/1\/wp-json\/wp\/v2\/posts"}],"about":[{"href":"https:\/\/www.caririemacao.com\/1\/wp-json\/wp\/v2\/types\/post"}],"author":[{"embeddable":true,"href":"https:\/\/www.caririemacao.com\/1\/wp-json\/wp\/v2\/users\/2"}],"replies":[{"embeddable":true,"href":"https:\/\/www.caririemacao.com\/1\/wp-json\/wp\/v2\/comments?post=101306"}],"version-history":[{"count":1,"href":"https:\/\/www.caririemacao.com\/1\/wp-json\/wp\/v2\/posts\/101306\/revisions"}],"predecessor-version":[{"id":101308,"href":"https:\/\/www.caririemacao.com\/1\/wp-json\/wp\/v2\/posts\/101306\/revisions\/101308"}],"wp:featuredmedia":[{"embeddable":true,"href":"https:\/\/www.caririemacao.com\/1\/wp-json\/wp\/v2\/media\/101307"}],"wp:attachment":[{"href":"https:\/\/www.caririemacao.com\/1\/wp-json\/wp\/v2\/media?parent=101306"}],"wp:term":[{"taxonomy":"category","embeddable":true,"href":"https:\/\/www.caririemacao.com\/1\/wp-json\/wp\/v2\/categories?post=101306"},{"taxonomy":"post_tag","embeddable":true,"href":"https:\/\/www.caririemacao.com\/1\/wp-json\/wp\/v2\/tags?post=101306"}],"curies":[{"name":"wp","href":"https:\/\/api.w.org\/{rel}","templated":true}]}}