{"id":101316,"date":"2019-06-20T16:02:04","date_gmt":"2019-06-20T19:02:04","guid":{"rendered":"http:\/\/www.caririemacao.com\/1\/?p=101316"},"modified":"2019-06-20T16:02:04","modified_gmt":"2019-06-20T19:02:04","slug":"homem-e-preso-ao-conduzir-motocicleta-embriagado-em-monteiro-2","status":"publish","type":"post","link":"https:\/\/www.caririemacao.com\/1\/2019\/06\/20\/homem-e-preso-ao-conduzir-motocicleta-embriagado-em-monteiro-2\/","title":{"rendered":"Homem \u00e9 preso ao conduzir motocicleta embriagado em Monteiro"},"content":{"rendered":"\n<p>Por volta das 23;30 horas da noite desta quinta-feira (19), a policia militar prendeu um homem conduzindo uma motocicleta totalmente embriagado pr\u00f3ximo ao bairro do Alto S\u00e3o Vicente em Monteiro no Cariri.<div><br>O homem e a moto modelo Bros 150 cor preta foram conduzido para a delegacia de pol\u00edcia civil para ser tomado os procedimentos cab\u00edveis.<br>J\u00e1 havia uma mandado de pris\u00e3o preventiva contra ele.<\/div><\/p>\n\n\n\n<p><div><br>HORA1PB<\/div><\/p>\n","protected":false},"excerpt":{"rendered":"<p>Por volta das 23;30 horas da noite desta quinta-feira (19), a policia militar prendeu um homem conduzindo uma motocicleta totalmente embriagado pr\u00f3ximo ao bairro do&hellip; <\/p>\n","protected":false},"author":2,"featured_media":86038,"comment_status":"closed","ping_status":"closed","sticky":false,"template":"","format":"standard","meta":{"sfsi_plus_gutenberg_text_before_share":"","sfsi_plus_gutenberg_show_text_before_share":"","sfsi_plus_gutenberg_icon_type":"","sfsi_plus_gutenberg_icon_alignemt":"","sfsi_plus_gutenburg_max_per_row":"","footnotes":""},"categories":[6,50],"tags":[],"class_list":["post-101316","post","type-post","status-publish","format-standard","has-post-thumbnail","hentry","category-cidades","category-destaque"],"_links":{"self":[{"href":"https:\/\/www.caririemacao.com\/1\/wp-json\/wp\/v2\/posts\/101316","targetHints":{"allow":["GET"]}}],"collection":[{"href":"https:\/\/www.caririemacao.com\/1\/wp-json\/wp\/v2\/posts"}],"about":[{"href":"https:\/\/www.caririemacao.com\/1\/wp-json\/wp\/v2\/types\/post"}],"author":[{"embeddable":true,"href":"https:\/\/www.caririemacao.com\/1\/wp-json\/wp\/v2\/users\/2"}],"replies":[{"embeddable":true,"href":"https:\/\/www.caririemacao.com\/1\/wp-json\/wp\/v2\/comments?post=101316"}],"version-history":[{"count":1,"href":"https:\/\/www.caririemacao.com\/1\/wp-json\/wp\/v2\/posts\/101316\/revisions"}],"predecessor-version":[{"id":101317,"href":"https:\/\/www.caririemacao.com\/1\/wp-json\/wp\/v2\/posts\/101316\/revisions\/101317"}],"wp:featuredmedia":[{"embeddable":true,"href":"https:\/\/www.caririemacao.com\/1\/wp-json\/wp\/v2\/media\/86038"}],"wp:attachment":[{"href":"https:\/\/www.caririemacao.com\/1\/wp-json\/wp\/v2\/media?parent=101316"}],"wp:term":[{"taxonomy":"category","embeddable":true,"href":"https:\/\/www.caririemacao.com\/1\/wp-json\/wp\/v2\/categories?post=101316"},{"taxonomy":"post_tag","embeddable":true,"href":"https:\/\/www.caririemacao.com\/1\/wp-json\/wp\/v2\/tags?post=101316"}],"curies":[{"name":"wp","href":"https:\/\/api.w.org\/{rel}","templated":true}]}}