{"id":101318,"date":"2019-06-20T16:53:18","date_gmt":"2019-06-20T19:53:18","guid":{"rendered":"http:\/\/www.caririemacao.com\/1\/?p=101318"},"modified":"2019-06-20T16:53:18","modified_gmt":"2019-06-20T19:53:18","slug":"grupo-de-danca-nativos-de-umbuzeiro-faz-grande-apresentacao-na-uepb-de-monteiro","status":"publish","type":"post","link":"https:\/\/www.caririemacao.com\/1\/2019\/06\/20\/grupo-de-danca-nativos-de-umbuzeiro-faz-grande-apresentacao-na-uepb-de-monteiro\/","title":{"rendered":"Grupo de dan\u00e7a Nativos de Umbuzeiro faz grande apresenta\u00e7\u00e3o na UEPB de Monteiro"},"content":{"rendered":"\n<p>O Grupo de Dan\u00e7a Nativos de Umbuzeiro, de S\u00e3o Sebasti\u00e3o do Umbuzeiro, deu um verdadeiro show durante sua apresenta\u00e7\u00e3o na quadrilha junina do Campus da UEPB de Monteiro, na noite desta quarta-feira (19).<\/p>\n\n\n\n<p>A apresenta\u00e7\u00e3o do grupo foi elogiada e aplaudida pelas as pessoas que prestigiaram o evento. Al\u00e9m do Grupo Nativos de Umbuzeiro, outros grupos de dan\u00e7a tamb\u00e9m se apresentaram.<br><\/p>\n","protected":false},"excerpt":{"rendered":"<p>O Grupo de Dan\u00e7a Nativos de Umbuzeiro, de S\u00e3o Sebasti\u00e3o do Umbuzeiro, deu um verdadeiro show durante sua apresenta\u00e7\u00e3o na quadrilha junina do Campus da&hellip; <\/p>\n","protected":false},"author":1,"featured_media":101319,"comment_status":"closed","ping_status":"closed","sticky":false,"template":"","format":"standard","meta":{"sfsi_plus_gutenberg_text_before_share":"","sfsi_plus_gutenberg_show_text_before_share":"","sfsi_plus_gutenberg_icon_type":"","sfsi_plus_gutenberg_icon_alignemt":"","sfsi_plus_gutenburg_max_per_row":"","footnotes":""},"categories":[6],"tags":[],"class_list":["post-101318","post","type-post","status-publish","format-standard","has-post-thumbnail","hentry","category-cidades"],"_links":{"self":[{"href":"https:\/\/www.caririemacao.com\/1\/wp-json\/wp\/v2\/posts\/101318","targetHints":{"allow":["GET"]}}],"collection":[{"href":"https:\/\/www.caririemacao.com\/1\/wp-json\/wp\/v2\/posts"}],"about":[{"href":"https:\/\/www.caririemacao.com\/1\/wp-json\/wp\/v2\/types\/post"}],"author":[{"embeddable":true,"href":"https:\/\/www.caririemacao.com\/1\/wp-json\/wp\/v2\/users\/1"}],"replies":[{"embeddable":true,"href":"https:\/\/www.caririemacao.com\/1\/wp-json\/wp\/v2\/comments?post=101318"}],"version-history":[{"count":1,"href":"https:\/\/www.caririemacao.com\/1\/wp-json\/wp\/v2\/posts\/101318\/revisions"}],"predecessor-version":[{"id":101320,"href":"https:\/\/www.caririemacao.com\/1\/wp-json\/wp\/v2\/posts\/101318\/revisions\/101320"}],"wp:featuredmedia":[{"embeddable":true,"href":"https:\/\/www.caririemacao.com\/1\/wp-json\/wp\/v2\/media\/101319"}],"wp:attachment":[{"href":"https:\/\/www.caririemacao.com\/1\/wp-json\/wp\/v2\/media?parent=101318"}],"wp:term":[{"taxonomy":"category","embeddable":true,"href":"https:\/\/www.caririemacao.com\/1\/wp-json\/wp\/v2\/categories?post=101318"},{"taxonomy":"post_tag","embeddable":true,"href":"https:\/\/www.caririemacao.com\/1\/wp-json\/wp\/v2\/tags?post=101318"}],"curies":[{"name":"wp","href":"https:\/\/api.w.org\/{rel}","templated":true}]}}