{"id":101325,"date":"2019-06-20T16:57:04","date_gmt":"2019-06-20T19:57:04","guid":{"rendered":"http:\/\/www.caririemacao.com\/1\/?p=101325"},"modified":"2019-06-20T16:57:04","modified_gmt":"2019-06-20T19:57:04","slug":"mpf-investiga-ausencia-de-peritos-medicos-em-agencia-do-inss-na-pb","status":"publish","type":"post","link":"https:\/\/www.caririemacao.com\/1\/2019\/06\/20\/mpf-investiga-ausencia-de-peritos-medicos-em-agencia-do-inss-na-pb\/","title":{"rendered":"MPF investiga aus\u00eancia de peritos m\u00e9dicos em ag\u00eancia do INSS na PB"},"content":{"rendered":"\n<p>O Minist\u00e9rio P\u00fablico Federal (MPF) instaurou inqu\u00e9rito civil para investigar suposta falta de profissional de per\u00edcia m\u00e9dica na ag\u00eancia do INSS de Cajazeiras, no Sert\u00e3o da Para\u00edba.<\/p>\n\n\n\n<p>A investiga\u00e7\u00e3o teve in\u00edcio a partir da not\u00edcia de que os m\u00e9dicos peritos n\u00e3o teriam comparecido para cumprir suas jornadas de trabalho na data agendada para atendimento.<\/p>\n\n\n\n<p>O inqu\u00e9rito \u00e9 conduzido pelo procurador da Rep\u00fablica Anderson Danillo Pereira Lima.<\/p>\n\n\n\n<p><strong>MaisPB<\/strong><\/p>\n","protected":false},"excerpt":{"rendered":"<p>O Minist\u00e9rio P\u00fablico Federal (MPF) instaurou inqu\u00e9rito civil para investigar suposta falta de profissional de per\u00edcia m\u00e9dica na ag\u00eancia do INSS de Cajazeiras, no Sert\u00e3o&hellip; <\/p>\n","protected":false},"author":1,"featured_media":42016,"comment_status":"closed","ping_status":"closed","sticky":false,"template":"","format":"standard","meta":{"sfsi_plus_gutenberg_text_before_share":"","sfsi_plus_gutenberg_show_text_before_share":"","sfsi_plus_gutenberg_icon_type":"","sfsi_plus_gutenberg_icon_alignemt":"","sfsi_plus_gutenburg_max_per_row":"","footnotes":""},"categories":[2],"tags":[],"class_list":["post-101325","post","type-post","status-publish","format-standard","has-post-thumbnail","hentry","category-geral"],"_links":{"self":[{"href":"https:\/\/www.caririemacao.com\/1\/wp-json\/wp\/v2\/posts\/101325","targetHints":{"allow":["GET"]}}],"collection":[{"href":"https:\/\/www.caririemacao.com\/1\/wp-json\/wp\/v2\/posts"}],"about":[{"href":"https:\/\/www.caririemacao.com\/1\/wp-json\/wp\/v2\/types\/post"}],"author":[{"embeddable":true,"href":"https:\/\/www.caririemacao.com\/1\/wp-json\/wp\/v2\/users\/1"}],"replies":[{"embeddable":true,"href":"https:\/\/www.caririemacao.com\/1\/wp-json\/wp\/v2\/comments?post=101325"}],"version-history":[{"count":1,"href":"https:\/\/www.caririemacao.com\/1\/wp-json\/wp\/v2\/posts\/101325\/revisions"}],"predecessor-version":[{"id":101326,"href":"https:\/\/www.caririemacao.com\/1\/wp-json\/wp\/v2\/posts\/101325\/revisions\/101326"}],"wp:featuredmedia":[{"embeddable":true,"href":"https:\/\/www.caririemacao.com\/1\/wp-json\/wp\/v2\/media\/42016"}],"wp:attachment":[{"href":"https:\/\/www.caririemacao.com\/1\/wp-json\/wp\/v2\/media?parent=101325"}],"wp:term":[{"taxonomy":"category","embeddable":true,"href":"https:\/\/www.caririemacao.com\/1\/wp-json\/wp\/v2\/categories?post=101325"},{"taxonomy":"post_tag","embeddable":true,"href":"https:\/\/www.caririemacao.com\/1\/wp-json\/wp\/v2\/tags?post=101325"}],"curies":[{"name":"wp","href":"https:\/\/api.w.org\/{rel}","templated":true}]}}