{"id":101333,"date":"2019-06-20T17:03:45","date_gmt":"2019-06-20T20:03:45","guid":{"rendered":"http:\/\/www.caririemacao.com\/1\/?p=101333"},"modified":"2019-06-20T17:03:45","modified_gmt":"2019-06-20T20:03:45","slug":"obrigatorio-ha-5-anos-teste-da-linguinha-e-alvo-de-disputa","status":"publish","type":"post","link":"https:\/\/www.caririemacao.com\/1\/2019\/06\/20\/obrigatorio-ha-5-anos-teste-da-linguinha-e-alvo-de-disputa\/","title":{"rendered":"Obrigat\u00f3rio h\u00e1 5 anos, teste da linguinha \u00e9 alvo de disputa"},"content":{"rendered":"\n<p>Um teste f\u00edsico simples, teste da linguinha, que verifica se o beb\u00ea rec\u00e9m-nascido tem ou n\u00e3o anquiloglossia &#8211; popularmente chamada de l\u00edngua presa &#8211; \u00e9 alvo de disputa entre profissionais. De um lado, pediatras acreditam que o exame f\u00edsico feito ap\u00f3s o parto \u00e9 suficiente para identificar a anquiloglossia e pedem a revoga\u00e7\u00e3o da lei que tornou o teste obrigat\u00f3rio. Do outro, fonoaudi\u00f3logos defendem uma capacita\u00e7\u00e3o para que quem examine a crian\u00e7a esteja atento tamb\u00e9m a isto.&nbsp;<\/p>\n\n\n\n<p>Hoje (20), considerado o Dia Nacional do Teste da Linguinha, faz cinco anos que a Lei 13.002\/2014, que torna o exame obrigat\u00f3rio, foi aprovada no Brasil.&nbsp;<\/p>\n\n\n\n<p>De acordo com a conselheira da Comiss\u00e3o de Sa\u00fade do Conselho Federal de Fonoaudiologia, M\u00e9rcia Quintino, cerca de 4% a 10,7% das crian\u00e7as nascem com a l\u00edngua presa. \u201cO diagn\u00f3stico deve ser feito o mais cedo poss\u00edvel. A anquiloglossia leva a dificuldade na amamenta\u00e7\u00e3o e, depois, dificuldade de mastigar alimentos s\u00f3lidos, que s\u00e3o um desafio maior\u201d, diz.&nbsp;<\/p>\n\n\n\n<p>M\u00e9rcia explica que o objetivo inicial \u00e9 evitar o desmame precoce. \u201cA gente sabe que a amamenta\u00e7\u00e3o \u00e9 importante e que muitas m\u00e3es n\u00e3o t\u00eam condi\u00e7\u00f5es de comprar leites industrializados. A fase da amamenta\u00e7\u00e3o parece simples, mas \u00e9 um momento complicado para a fam\u00edlia, tem que ter todo o incentivo positivo para que d\u00ea certo\u201d, disse.&nbsp;<\/p>\n\n\n\n<h2 class=\"wp-block-heading\">Pedido de revoga\u00e7\u00e3o<\/h2>\n\n\n\n<p>Este ano, a Sociedade Brasileira de Pediatria (SBP) pediu ao Minist\u00e9rio da Sa\u00fade a<a href=\"http:\/\/agenciabrasil.ebc.com.br\/saude\/noticia\/2019-04\/pediatras-pedem-fim-da-obrigatoriedade-do-teste-da-linguinha%C2%A0\" target=\"_blank\" rel=\"noreferrer noopener\">&nbsp;revoga\u00e7\u00e3o da lei<\/a>. Para os pediatras, quando o beb\u00ea nasce j\u00e1 \u00e9 feito um exame f\u00edsico completo da crian\u00e7a e a l\u00edngua presa \u00e9 facilmente identificada nesse exame, n\u00e3o sendo necess\u00e1rio um protocolo espec\u00edfico para a execu\u00e7\u00e3o do teste.<\/p>\n\n\n\n<p>\u201cO teste \u00e9 um passo burocr\u00e1tico desnecess\u00e1rio com redund\u00e2ncia absoluta do exame do rec\u00e9m-nascido, que j\u00e1 \u00e9 feito pelo pediatra na sala de parto\u201d, diz a presidente do Departamento Cient\u00edfico de Otorrinolaringologia da SBP, T\u00e2nia Sih.&nbsp;<\/p>\n\n\n\n<p>De acordo com T\u00e2nia, a maior parte dos casos de l\u00edngua presa n\u00e3o demanda cirurgia, s\u00e3o n\u00edveis menos graves cujos efeitos na fala e na mastiga\u00e7\u00e3o podem ser anulados com exerc\u00edcios. \u201c\u00c9 rar\u00edssimo ter a l\u00edngua superpresa, que \u00e9 quando a l\u00edngua adquire um formato de cora\u00e7\u00e3o. Esses casos impactam no aleitamento materno e na fala. Para que ter fonoaudi\u00f3logo para constatar o que o m\u00e9dico j\u00e1 viu? Temos outros gastos mais urgentes para ser feitos com sa\u00fade\u201d, defende.<\/p>\n\n\n\n<p>J\u00e1 M\u00e9rcia defende que \u00e9 necess\u00e1rio haver uma capacita\u00e7\u00e3o. Segundo ela, o exame n\u00e3o precisa ser feito necessariamente por um fonoaudi\u00f3logo, mas por um profissional que esteja atento a isso na hora de examinar a crian\u00e7a.&nbsp;<\/p>\n\n\n\n<figure class=\"wp-block-image\"><img decoding=\"async\" data-src=\"http:\/\/imagens.ebc.com.br\/yUHOfQ2qwK0C3CBfdpBu_BD2YPE=\/754x0\/smart\/http:\/\/agenciabrasil.ebc.com.br\/sites\/default\/files\/atoms\/image\/bebe_0.jpg?itok=FsAWuYRz\" alt=\"beb\u00ea, rec\u00e9m-nascido\" src=\"data:image\/svg+xml;base64,PHN2ZyB3aWR0aD0iMSIgaGVpZ2h0PSIxIiB4bWxucz0iaHR0cDovL3d3dy53My5vcmcvMjAwMC9zdmciPjwvc3ZnPg==\" class=\"lazyload\" \/><\/figure>\n\n\n\n<h6 class=\"wp-block-heading\">Minist\u00e9rio da Sa\u00fade diz que&nbsp;o exame f\u00edsico de rec\u00e9m-nascidos \u00e9 realizado de forma rotineira nas maternidades &#8211;&nbsp;<strong>Arquivo\/Ag\u00eancia Brasil<\/strong><\/h6>\n\n\n\n<h2 class=\"wp-block-heading\">Diagn\u00f3stico importante&nbsp;<\/h2>\n\n\n\n<p>O gerente de opera\u00e7\u00f5es Alexandre Mitchell, que viveu a situa\u00e7\u00e3o, defende que os hospitais estejam atentos \u00e0 identifica\u00e7\u00e3o da l\u00edngua presa e mais do que isso, que ofere\u00e7am solu\u00e7\u00e3o.&nbsp;<\/p>\n\n\n\n<p>O filho mais velho de Mitchell, Theo, que hoje tem dois anos, nasceu com a l\u00edngua presa. O caso de Theo atrapalhava a amamenta\u00e7\u00e3o e, consequentemente, o desenvolvimento da crian\u00e7a. &#8220;Ele n\u00e3o mamava direito porque a crian\u00e7a precisa da l\u00edngua para fazer a suc\u00e7\u00e3o. Como a l\u00edngua n\u00e3o ia at\u00e9 o final, n\u00e3o sugava leite suficiente. Causou muito estresse para n\u00f3s porque ele n\u00e3o ganhava peso, ach\u00e1vamos que o problema era no leite\u201d, disse.&nbsp;<\/p>\n\n\n\n<p>A solu\u00e7\u00e3o foi uma pequena cirurgia sem necessidade de anestesia ou de pontos. Ela foi feita quando Theo tinha 15 dias, mas chegar a essa conclus\u00e3o n\u00e3o foi t\u00e3o simples. \u201cForam idas e vindas, at\u00e9 resolvermos&#8221;, disse Mitchell. A anquiloglossia foi facilmente identificada, mas o pediatra do hospital particular de Bras\u00edlia onde Theo nasceu achou que n\u00e3o seria necess\u00e1rio o procedimento. O fonoaudi\u00f3logo, achava que sim.&nbsp;<\/p>\n\n\n\n<p>A fam\u00edlia deixou o hospital e logo apareceram as complica\u00e7\u00f5es na hora da amamenta\u00e7\u00e3o. Eles tiveram que buscar uma dentista, para realizar o procedimento. \u201c\u00c9 um procedimento que salva a vida dos pais, s\u00f3 de n\u00e3o ficar na agonia do filho n\u00e3o estar amamentando, de achar que \u00e9 algum outro problema. Falta nos hospitais uma aten\u00e7\u00e3o maior em rela\u00e7\u00e3o a isso. N\u00e3o apenas dar o diagn\u00f3stico, mas resolver\u201d, disse. &nbsp;<\/p>\n\n\n\n<h2 class=\"wp-block-heading\">Minist\u00e9rio da Sa\u00fade&nbsp;<\/h2>\n\n\n\n<p>Em nota, o Minist\u00e9rio da Sa\u00fade n\u00e3o comentou o pedido da SBP. A pasta diz que tomou medidas para cumprir a lei vigente, como publicar, em 2016, nota t\u00e9cnica com orienta\u00e7\u00f5es a profissionais e &nbsp;a estabelecimentos de sa\u00fade sobre a avalia\u00e7\u00e3o cl\u00ednica dos beb\u00eas e a realiza\u00e7\u00e3o do teste da linguinha.&nbsp;<\/p>\n\n\n\n<p>Al\u00e9m da identifica\u00e7\u00e3o precoce da anquiloglossia, o protocolo busca estabelecer o fluxo de acompanhamento dos lactentes diagnosticados com anquiloglossia pelo Sistema \u00danico de Sa\u00fade (SUS).&nbsp;<\/p>\n\n\n\n<p>\u201cToda crian\u00e7a \u00e9 ou deveria passar por avalia\u00e7\u00e3o cl\u00ednica completa como parte da rotina das equipes assistenciais, verificando assim, poss\u00edveis sinais e sintomas de doen\u00e7as ou malforma\u00e7\u00f5es\u201d, diz a nota.&nbsp;<\/p>\n\n\n\n<p>De acordo com o minist\u00e9rio, o exame f\u00edsico de rec\u00e9m-nascidos \u00e9 realizado de forma rotineira nas maternidades e nas primeiras consultas de puericultura, sendo portanto a avalia\u00e7\u00e3o realizada pelos diferentes profissionais de sa\u00fade que acompanham o nascimento e o desenvolvimento dos beb\u00eas a partir da organiza\u00e7\u00e3o dos pr\u00f3prios servi\u00e7os e da rede de aten\u00e7\u00e3o \u00e0 sa\u00fade local.<\/p>\n","protected":false},"excerpt":{"rendered":"<p>Um teste f\u00edsico simples, teste da linguinha, que verifica se o beb\u00ea rec\u00e9m-nascido tem ou n\u00e3o anquiloglossia &#8211; popularmente chamada de l\u00edngua presa &#8211; \u00e9&hellip; <\/p>\n","protected":false},"author":1,"featured_media":101334,"comment_status":"closed","ping_status":"closed","sticky":false,"template":"","format":"standard","meta":{"sfsi_plus_gutenberg_text_before_share":"","sfsi_plus_gutenberg_show_text_before_share":"","sfsi_plus_gutenberg_icon_type":"","sfsi_plus_gutenberg_icon_alignemt":"","sfsi_plus_gutenburg_max_per_row":"","footnotes":""},"categories":[16],"tags":[],"class_list":["post-101333","post","type-post","status-publish","format-standard","has-post-thumbnail","hentry","category-saude"],"_links":{"self":[{"href":"https:\/\/www.caririemacao.com\/1\/wp-json\/wp\/v2\/posts\/101333","targetHints":{"allow":["GET"]}}],"collection":[{"href":"https:\/\/www.caririemacao.com\/1\/wp-json\/wp\/v2\/posts"}],"about":[{"href":"https:\/\/www.caririemacao.com\/1\/wp-json\/wp\/v2\/types\/post"}],"author":[{"embeddable":true,"href":"https:\/\/www.caririemacao.com\/1\/wp-json\/wp\/v2\/users\/1"}],"replies":[{"embeddable":true,"href":"https:\/\/www.caririemacao.com\/1\/wp-json\/wp\/v2\/comments?post=101333"}],"version-history":[{"count":1,"href":"https:\/\/www.caririemacao.com\/1\/wp-json\/wp\/v2\/posts\/101333\/revisions"}],"predecessor-version":[{"id":101335,"href":"https:\/\/www.caririemacao.com\/1\/wp-json\/wp\/v2\/posts\/101333\/revisions\/101335"}],"wp:featuredmedia":[{"embeddable":true,"href":"https:\/\/www.caririemacao.com\/1\/wp-json\/wp\/v2\/media\/101334"}],"wp:attachment":[{"href":"https:\/\/www.caririemacao.com\/1\/wp-json\/wp\/v2\/media?parent=101333"}],"wp:term":[{"taxonomy":"category","embeddable":true,"href":"https:\/\/www.caririemacao.com\/1\/wp-json\/wp\/v2\/categories?post=101333"},{"taxonomy":"post_tag","embeddable":true,"href":"https:\/\/www.caririemacao.com\/1\/wp-json\/wp\/v2\/tags?post=101333"}],"curies":[{"name":"wp","href":"https:\/\/api.w.org\/{rel}","templated":true}]}}