{"id":101351,"date":"2019-06-20T17:18:24","date_gmt":"2019-06-20T20:18:24","guid":{"rendered":"http:\/\/www.caririemacao.com\/1\/?p=101351"},"modified":"2019-06-20T17:18:24","modified_gmt":"2019-06-20T20:18:24","slug":"bolsonaro-e-primeiro-presidente-a-participar-da-marcha-para-jesus","status":"publish","type":"post","link":"https:\/\/www.caririemacao.com\/1\/2019\/06\/20\/bolsonaro-e-primeiro-presidente-a-participar-da-marcha-para-jesus\/","title":{"rendered":"Bolsonaro \u00e9 primeiro presidente a participar da Marcha Para Jesus"},"content":{"rendered":"\n<p>O presidente Jair Bolsonaro (PSL) participa na tarde desta quinta-feira (20) da&nbsp;<a href=\"https:\/\/g1.globo.com\/sp\/sao-paulo\/noticia\/2019\/06\/20\/marcha-para-jesus-2019-reune-milhares-de-fieis-em-sao-paulo.ghtml\">Marcha Para Jesus<\/a>, evento evang\u00e9lico que se realiza desde a manh\u00e3 na Zona Norte de S\u00e3o Paulo. Esta \u00e9 a primeira vez que um presidente da Rep\u00fablica participa da marcha, que est\u00e1 em sua 27\u00aa edi\u00e7\u00e3o.<\/p>\n\n\n\n<p>Bolsonaro subiu ao palco \u00e0s 15h30 sob aplausos dos fi\u00e9is. Em seguida foi exibido no tel\u00e3o um v\u00eddeo curto com uma mensagem de Bolsonaro exaltando a Marcha Para Jesus.<\/p>\n\n\n\n<p>A bispa S\u00f4nia Hernandes, da Igreja Renascer em Cristo, agradeceu a presen\u00e7a do presidente: \u201cPela primeira vez na presid\u00eancia do Brasil se ouviu o nome de Deus acima de todos\u201d. Ela tamb\u00e9m ressaltou o fato de Bolsonaro ter levado a mulher Michele para discursar no dia da posse, em 1\u00ba de janeiro. O ap\u00f3stolo Estevam Hernandes, tamb\u00e9m da Renascer, destacou a presen\u00e7a de Bolsonaro na Marcha.<\/p>\n\n\n\n<p>Em seguida, os integrantes da igreja puxaram uma ora\u00e7\u00e3o com a presen\u00e7a de Bolsonaro. O prefeito Bruno Covas (PSDB) tamb\u00e9m discursou. \u201cA cidade de S\u00e3o Paulo celebra a sua diversidade religiosa\u201d, afirmou Covas.<\/p>\n\n\n\n<p>Bolsonaro discursa<\/p>\n\n\n\n<p>O presidente agradeceu ao convite do casal Hernandes e afirmou que \u201c\u00e9 muito bom estar entre amigos\u201d.<\/p>\n\n\n\n<p>\u201cMelhor ainda quando esses amigos t\u00eam Deus no cora\u00e7\u00e3o. Porque assim agora n\u00f3s somos irm\u00e3os. Muito obrigado pelo convite. O ano passado eu lhes disse: \u2018Se Deus quiser, estarei o ano que vem nessa Marcha como presidente da Rep\u00fablica do Brasil!\u2019. Um presidente que diz que o estado \u00e9 laico, mas ele \u00e9 crist\u00e3o!\u201d, disse Bolsonaro.<\/p>\n\n\n\n<p>Ao p\u00fablico, o presidente afirmou: \u201cVoc\u00eas foram decisivos para mudar o destino dessa p\u00e1tria maravilhosa chamada Brasil. Todos n\u00f3s juntos compartilhamos dessa responsabilidade. Onde primeiro Deus e depois a fam\u00edlia respeitada e tradicional acima de tudo\u201d<\/p>\n\n\n\n<p>\u201cEu agrade\u00e7o a Deus tamb\u00e9m primeiro por estar vivo, porque foi dele esse dom de me dar pela segunda vez a vida. Agrade\u00e7o a voc\u00eas pelas ora\u00e7\u00f5es nos momentos dif\u00edceis que encontrei pela frente. E Ele nos deu a presid\u00eancia.\u201d<br><\/p>\n\n\n\n<p><br><strong>G1<\/strong><\/p>\n","protected":false},"excerpt":{"rendered":"<p>O presidente Jair Bolsonaro (PSL) participa na tarde desta quinta-feira (20) da&nbsp;Marcha Para Jesus, evento evang\u00e9lico que se realiza desde a manh\u00e3 na Zona Norte&hellip; <\/p>\n","protected":false},"author":1,"featured_media":101352,"comment_status":"closed","ping_status":"closed","sticky":false,"template":"","format":"standard","meta":{"sfsi_plus_gutenberg_text_before_share":"","sfsi_plus_gutenberg_show_text_before_share":"","sfsi_plus_gutenberg_icon_type":"","sfsi_plus_gutenberg_icon_alignemt":"","sfsi_plus_gutenburg_max_per_row":"","footnotes":""},"categories":[11],"tags":[],"class_list":["post-101351","post","type-post","status-publish","format-standard","has-post-thumbnail","hentry","category-politica"],"_links":{"self":[{"href":"https:\/\/www.caririemacao.com\/1\/wp-json\/wp\/v2\/posts\/101351","targetHints":{"allow":["GET"]}}],"collection":[{"href":"https:\/\/www.caririemacao.com\/1\/wp-json\/wp\/v2\/posts"}],"about":[{"href":"https:\/\/www.caririemacao.com\/1\/wp-json\/wp\/v2\/types\/post"}],"author":[{"embeddable":true,"href":"https:\/\/www.caririemacao.com\/1\/wp-json\/wp\/v2\/users\/1"}],"replies":[{"embeddable":true,"href":"https:\/\/www.caririemacao.com\/1\/wp-json\/wp\/v2\/comments?post=101351"}],"version-history":[{"count":1,"href":"https:\/\/www.caririemacao.com\/1\/wp-json\/wp\/v2\/posts\/101351\/revisions"}],"predecessor-version":[{"id":101353,"href":"https:\/\/www.caririemacao.com\/1\/wp-json\/wp\/v2\/posts\/101351\/revisions\/101353"}],"wp:featuredmedia":[{"embeddable":true,"href":"https:\/\/www.caririemacao.com\/1\/wp-json\/wp\/v2\/media\/101352"}],"wp:attachment":[{"href":"https:\/\/www.caririemacao.com\/1\/wp-json\/wp\/v2\/media?parent=101351"}],"wp:term":[{"taxonomy":"category","embeddable":true,"href":"https:\/\/www.caririemacao.com\/1\/wp-json\/wp\/v2\/categories?post=101351"},{"taxonomy":"post_tag","embeddable":true,"href":"https:\/\/www.caririemacao.com\/1\/wp-json\/wp\/v2\/tags?post=101351"}],"curies":[{"name":"wp","href":"https:\/\/api.w.org\/{rel}","templated":true}]}}