{"id":101366,"date":"2019-06-20T22:45:15","date_gmt":"2019-06-21T01:45:15","guid":{"rendered":"http:\/\/www.caririemacao.com\/1\/?p=101366"},"modified":"2019-06-20T22:45:15","modified_gmt":"2019-06-21T01:45:15","slug":"homem-comete-suicidio-no-cariri","status":"publish","type":"post","link":"https:\/\/www.caririemacao.com\/1\/2019\/06\/20\/homem-comete-suicidio-no-cariri\/","title":{"rendered":"Homem comete suic\u00eddio no Cariri"},"content":{"rendered":"\n<p>Homem comete suic\u00eddio por enforcamento no final da tarde desta quinta-feira (20), na Zona rural de Monteiro.<\/p>\n\n\n\n<p>De acordo com informa\u00e7\u00f5es, a trag\u00e9dia ocorreu nas media\u00e7\u00f5es do sitio Tingui. Ainda n\u00e3o se sabe o que motivou o suic\u00eddio.<\/p>\n","protected":false},"excerpt":{"rendered":"<p>Homem comete suic\u00eddio por enforcamento no final da tarde desta quinta-feira (20), na Zona rural de Monteiro. De acordo com informa\u00e7\u00f5es, a trag\u00e9dia ocorreu nas&hellip; <\/p>\n","protected":false},"author":2,"featured_media":25619,"comment_status":"closed","ping_status":"closed","sticky":false,"template":"","format":"standard","meta":{"sfsi_plus_gutenberg_text_before_share":"","sfsi_plus_gutenberg_show_text_before_share":"","sfsi_plus_gutenberg_icon_type":"","sfsi_plus_gutenberg_icon_alignemt":"","sfsi_plus_gutenburg_max_per_row":"","footnotes":""},"categories":[50,12],"tags":[],"class_list":["post-101366","post","type-post","status-publish","format-standard","has-post-thumbnail","hentry","category-destaque","category-policia"],"_links":{"self":[{"href":"https:\/\/www.caririemacao.com\/1\/wp-json\/wp\/v2\/posts\/101366","targetHints":{"allow":["GET"]}}],"collection":[{"href":"https:\/\/www.caririemacao.com\/1\/wp-json\/wp\/v2\/posts"}],"about":[{"href":"https:\/\/www.caririemacao.com\/1\/wp-json\/wp\/v2\/types\/post"}],"author":[{"embeddable":true,"href":"https:\/\/www.caririemacao.com\/1\/wp-json\/wp\/v2\/users\/2"}],"replies":[{"embeddable":true,"href":"https:\/\/www.caririemacao.com\/1\/wp-json\/wp\/v2\/comments?post=101366"}],"version-history":[{"count":1,"href":"https:\/\/www.caririemacao.com\/1\/wp-json\/wp\/v2\/posts\/101366\/revisions"}],"predecessor-version":[{"id":101367,"href":"https:\/\/www.caririemacao.com\/1\/wp-json\/wp\/v2\/posts\/101366\/revisions\/101367"}],"wp:featuredmedia":[{"embeddable":true,"href":"https:\/\/www.caririemacao.com\/1\/wp-json\/wp\/v2\/media\/25619"}],"wp:attachment":[{"href":"https:\/\/www.caririemacao.com\/1\/wp-json\/wp\/v2\/media?parent=101366"}],"wp:term":[{"taxonomy":"category","embeddable":true,"href":"https:\/\/www.caririemacao.com\/1\/wp-json\/wp\/v2\/categories?post=101366"},{"taxonomy":"post_tag","embeddable":true,"href":"https:\/\/www.caririemacao.com\/1\/wp-json\/wp\/v2\/tags?post=101366"}],"curies":[{"name":"wp","href":"https:\/\/api.w.org\/{rel}","templated":true}]}}