{"id":101368,"date":"2019-06-21T08:05:19","date_gmt":"2019-06-21T11:05:19","guid":{"rendered":"http:\/\/www.caririemacao.com\/1\/?p=101368"},"modified":"2019-06-21T08:05:19","modified_gmt":"2019-06-21T11:05:19","slug":"secretaria-de-saude-do-municipio-de-prata-aciona-vereador-bobo-na-justica","status":"publish","type":"post","link":"https:\/\/www.caririemacao.com\/1\/2019\/06\/21\/secretaria-de-saude-do-municipio-de-prata-aciona-vereador-bobo-na-justica\/","title":{"rendered":"Secret\u00e1ria de Sa\u00fade do munic\u00edpio de Prata aciona vereador Bob\u00f4 na Justi\u00e7a"},"content":{"rendered":"\n<p>A\u00a0secret\u00e1ria de Sa\u00fade do munic\u00edpio de Prata, Maria Aparecida (N\u00f4ta), acionou judicialmente o vereador Jos\u00e9 Erinaldo (Bob\u00f4), nas esperas criminal e c\u00edvel. Ela afirma que o parlamentar deve ser responsabilizado por ter denegrido sua imagem e honra, proferindo palavras de baixo cal\u00e3o durante sess\u00e3o realizada na C\u00e2mara Municipal.<\/p>\n\n\n\n<p>De acordo com a den\u00fancia, o fato foi registrado ao vivo por transmiss\u00e3o em v\u00eddeo no Facebook, onde o vereador teria caluniado e injuriado a autora, tendo lhe imputado crime de quadrilha, al\u00e9m de ter a chamado de cachorra e vagabunda.<\/p>\n\n\n\n<p>Os fatos tornaram-se p\u00fablicos e not\u00f3rios rapidamente, tendo em vista a incalcul\u00e1vel quantidade de pessoas que acessam e compartilham informa\u00e7\u00f5es na rede social.<\/p>\n\n\n\n<p>O advogado Rhafael Sarmento esclarece que vereador n\u00e3o \u00e9 protegido por imunidade parlamentar, mas sim acobertado pela inviolabilidade parlamentar. \u201cS\u00e3o institutos que se completam, mas que n\u00e3o se confundem. Estamos confiantes de que a Justi\u00e7a ser\u00e1 feita\u201d, disse.<\/p>\n\n\n\n<p><strong>Den\u00fancia na C\u00e2mara<\/strong><\/p>\n\n\n\n<p>Maria Aparecida revelou ainda que estar\u00e1 protocolando nos pr\u00f3ximos dias uma den\u00fancia de quebra de decoro parlamentar contra o vereador. Ela afirma foi lament\u00e1vel e digno de rep\u00fadio a atitude do vereador, que n\u00e3o poderia ter utilizado uma casa legislativa para proferir ataques pessoais contra uma pessoa que n\u00e3o teve sequer o direito para se defender dos ataques.<\/p>\n","protected":false},"excerpt":{"rendered":"<p>A\u00a0secret\u00e1ria de Sa\u00fade do munic\u00edpio de Prata, Maria Aparecida (N\u00f4ta), acionou judicialmente o vereador Jos\u00e9 Erinaldo (Bob\u00f4), nas esperas criminal e c\u00edvel. Ela afirma que&hellip; <\/p>\n","protected":false},"author":1,"featured_media":19232,"comment_status":"closed","ping_status":"closed","sticky":false,"template":"","format":"standard","meta":{"sfsi_plus_gutenberg_text_before_share":"","sfsi_plus_gutenberg_show_text_before_share":"","sfsi_plus_gutenberg_icon_type":"","sfsi_plus_gutenberg_icon_alignemt":"","sfsi_plus_gutenburg_max_per_row":"","footnotes":""},"categories":[6],"tags":[],"class_list":["post-101368","post","type-post","status-publish","format-standard","has-post-thumbnail","hentry","category-cidades"],"_links":{"self":[{"href":"https:\/\/www.caririemacao.com\/1\/wp-json\/wp\/v2\/posts\/101368","targetHints":{"allow":["GET"]}}],"collection":[{"href":"https:\/\/www.caririemacao.com\/1\/wp-json\/wp\/v2\/posts"}],"about":[{"href":"https:\/\/www.caririemacao.com\/1\/wp-json\/wp\/v2\/types\/post"}],"author":[{"embeddable":true,"href":"https:\/\/www.caririemacao.com\/1\/wp-json\/wp\/v2\/users\/1"}],"replies":[{"embeddable":true,"href":"https:\/\/www.caririemacao.com\/1\/wp-json\/wp\/v2\/comments?post=101368"}],"version-history":[{"count":1,"href":"https:\/\/www.caririemacao.com\/1\/wp-json\/wp\/v2\/posts\/101368\/revisions"}],"predecessor-version":[{"id":101369,"href":"https:\/\/www.caririemacao.com\/1\/wp-json\/wp\/v2\/posts\/101368\/revisions\/101369"}],"wp:featuredmedia":[{"embeddable":true,"href":"https:\/\/www.caririemacao.com\/1\/wp-json\/wp\/v2\/media\/19232"}],"wp:attachment":[{"href":"https:\/\/www.caririemacao.com\/1\/wp-json\/wp\/v2\/media?parent=101368"}],"wp:term":[{"taxonomy":"category","embeddable":true,"href":"https:\/\/www.caririemacao.com\/1\/wp-json\/wp\/v2\/categories?post=101368"},{"taxonomy":"post_tag","embeddable":true,"href":"https:\/\/www.caririemacao.com\/1\/wp-json\/wp\/v2\/tags?post=101368"}],"curies":[{"name":"wp","href":"https:\/\/api.w.org\/{rel}","templated":true}]}}