{"id":101392,"date":"2019-06-21T08:15:09","date_gmt":"2019-06-21T11:15:09","guid":{"rendered":"http:\/\/www.caririemacao.com\/1\/?p=101392"},"modified":"2019-06-21T08:15:09","modified_gmt":"2019-06-21T11:15:09","slug":"bolsonaro-abro-mao-da-reeleicao-se-brasil-passar-por-reforma-politica","status":"publish","type":"post","link":"https:\/\/www.caririemacao.com\/1\/2019\/06\/21\/bolsonaro-abro-mao-da-reeleicao-se-brasil-passar-por-reforma-politica\/","title":{"rendered":"Bolsonaro: abro m\u00e3o da reelei\u00e7\u00e3o se Brasil passar por reforma pol\u00edtica"},"content":{"rendered":"\n<p>O presidente da Rep\u00fablica, Jair Bolsonaro, disse na tarde de ontem dia (20), ap\u00f3s participar da 27\u00aa edi\u00e7\u00e3o da Marcha Para Jesus, na capital paulista, que abriria m\u00e3o da reelei\u00e7\u00e3o se o Brasil passar por uma s\u00e9ria reforma pol\u00edtica. &#8220;Agora se n\u00e3o tiver uma boa reforma pol\u00edtica e o povo quiser, estamos a\u00ed para continuar mais quatro anos&#8221;.<\/p>\n\n\n\n<p>Durante seu discurso, Bolsonaro disse que o estado \u00e9 laico, mas o presidente \u00e9 crist\u00e3o. &#8220;Voc\u00eas [evang\u00e9licos] foram decisivos para mudar o destino dessa p\u00e1tria maravilhosa chamada Brasil. Todos n\u00f3s compartilhamos dessa responsabilidade, onde primeiro Deus, depois a fam\u00edlia respeitada e tradicional acima de tudo&#8221;.<\/p>\n\n\n\n<p>Aos evang\u00e9licos, Bolsonaro disse que todos sabem que o Brasil tem problemas s\u00e9rios de \u00e9tica, moral e economia, mas entende ser poss\u00edvel reverter essa condi\u00e7\u00e3o.<\/p>\n\n\n\n<p>&#8220;Podemos ser o ponto de inflex\u00e3o mas entendemos que \u00e9 poss\u00edvel fazer com que um dia o Brasil seja colocado no local de destaque que merece&#8221;.&nbsp;<\/p>\n\n\n\n<p><strong>Entrevista a jornalistas<\/strong><\/p>\n\n\n\n<p>Bolsonaro disse \u00e0 imprensa que pegou o Brasil arrebentado economicamente e que o governo est\u00e1 trabalhando para reverter a situa\u00e7\u00e3o.&nbsp;<\/p>\n\n\n\n<p>&#8220;N\u00e3o h\u00e1 ato de corrup\u00e7\u00e3o no meu governo. Quem cria emprego n\u00e3o \u00e9 presidente, \u00e9 a iniciativa privada. N\u00f3s queremos que, uma vez que os empreendedores tenham confian\u00e7a em n\u00f3s, eles invistam&#8221;, disse o presidente.<\/p>\n\n\n\n<p>Bolsonaro tornou a minimizar o caso de vazamentos de supostas conversas do ministro da Justi\u00e7a, Sergio Moro, e disse que Moro \u00e9 um patrim\u00f4nio nacional, respons\u00e1vel por um excelente trabalho ap\u00f3s o que chamou de saque no Brasil, resultado da corrup\u00e7\u00e3o. &#8220;O juiz conversa com ambas as partes. Se \u00e9 que \u00e9 verdade aquilo, n\u00e3o vejo nada demais. Eu jamais vou inquiri-lo&#8221;.&nbsp;<\/p>\n\n\n\n<p>Quando questionado sobre declara\u00e7\u00f5es do ex-ministro general Calos Alberto Santos Cruz de que h\u00e1 muita bobagem no governo, Bolsonaro disse que o general \u00e9 p\u00e1gina virada. &#8220;Ele integrou o governo por seis meses e nunca disse que tinha bobagem l\u00e1 dentro&#8221;.<\/p>\n\n\n\n<p>O presidente ressaltou ainda que sobrevoou a cidade de Miracatu, no Vale do Ribeira, e verificou a exist\u00eancia de montanhas de grafeno (subst\u00e2ncia extra\u00edda de camadas superficiais de grafite e que, pelas suas propriedades f\u00edsicas tem diversas aplica\u00e7\u00f5es tecnonol\u00f3gicas), mat\u00e9ria-prima que o mundo inteiro quer. &#8220;Falta uma tecnologia um pouco mais apurada para que se tire o grafeno de l\u00e1&#8221;.<\/p>\n","protected":false},"excerpt":{"rendered":"<p>O presidente da Rep\u00fablica, Jair Bolsonaro, disse na tarde de ontem dia (20), ap\u00f3s participar da 27\u00aa edi\u00e7\u00e3o da Marcha Para Jesus, na capital paulista,&hellip; <\/p>\n","protected":false},"author":1,"featured_media":101393,"comment_status":"closed","ping_status":"closed","sticky":false,"template":"","format":"standard","meta":{"sfsi_plus_gutenberg_text_before_share":"","sfsi_plus_gutenberg_show_text_before_share":"","sfsi_plus_gutenberg_icon_type":"","sfsi_plus_gutenberg_icon_alignemt":"","sfsi_plus_gutenburg_max_per_row":"","footnotes":""},"categories":[11],"tags":[],"class_list":["post-101392","post","type-post","status-publish","format-standard","has-post-thumbnail","hentry","category-politica"],"_links":{"self":[{"href":"https:\/\/www.caririemacao.com\/1\/wp-json\/wp\/v2\/posts\/101392","targetHints":{"allow":["GET"]}}],"collection":[{"href":"https:\/\/www.caririemacao.com\/1\/wp-json\/wp\/v2\/posts"}],"about":[{"href":"https:\/\/www.caririemacao.com\/1\/wp-json\/wp\/v2\/types\/post"}],"author":[{"embeddable":true,"href":"https:\/\/www.caririemacao.com\/1\/wp-json\/wp\/v2\/users\/1"}],"replies":[{"embeddable":true,"href":"https:\/\/www.caririemacao.com\/1\/wp-json\/wp\/v2\/comments?post=101392"}],"version-history":[{"count":1,"href":"https:\/\/www.caririemacao.com\/1\/wp-json\/wp\/v2\/posts\/101392\/revisions"}],"predecessor-version":[{"id":101394,"href":"https:\/\/www.caririemacao.com\/1\/wp-json\/wp\/v2\/posts\/101392\/revisions\/101394"}],"wp:featuredmedia":[{"embeddable":true,"href":"https:\/\/www.caririemacao.com\/1\/wp-json\/wp\/v2\/media\/101393"}],"wp:attachment":[{"href":"https:\/\/www.caririemacao.com\/1\/wp-json\/wp\/v2\/media?parent=101392"}],"wp:term":[{"taxonomy":"category","embeddable":true,"href":"https:\/\/www.caririemacao.com\/1\/wp-json\/wp\/v2\/categories?post=101392"},{"taxonomy":"post_tag","embeddable":true,"href":"https:\/\/www.caririemacao.com\/1\/wp-json\/wp\/v2\/tags?post=101392"}],"curies":[{"name":"wp","href":"https:\/\/api.w.org\/{rel}","templated":true}]}}