{"id":101398,"date":"2019-06-21T08:19:30","date_gmt":"2019-06-21T11:19:30","guid":{"rendered":"http:\/\/www.caririemacao.com\/1\/?p=101398"},"modified":"2019-06-21T08:19:30","modified_gmt":"2019-06-21T11:19:30","slug":"bolsonaro-coloca-nos-correios-general-e-muda-novamente-o-seu-ministerio","status":"publish","type":"post","link":"https:\/\/www.caririemacao.com\/1\/2019\/06\/21\/bolsonaro-coloca-nos-correios-general-e-muda-novamente-o-seu-ministerio\/","title":{"rendered":"Bolsonaro coloca nos Correios general e muda novamente o seu minist\u00e9rio"},"content":{"rendered":"\n<p>O presidente Jair Bolsonaro (PSL) decidiu retirar o general Floriano Peixoto (foto) do cargo de ministro da Secretaria-Geral da Presid\u00eancia e transferi-lo para o comando dos Correios.<\/p>\n\n\n\n<p>Essa \u00e9 a segunda troca na pasta desde o in\u00edcio do governo.&nbsp;Antes de Floriano, Gustavo Bebianno comandou o minist\u00e9rio.<\/p>\n\n\n\n<p>O ex-ministro vai ocupar a presid\u00eancia dos Correios depois da sa\u00edda do general Juarez Pinheiro Coelho Junior.<\/p>\n\n\n\n<p>A troca ocorre uma semana depois de Bolsonaro ter demitido o ministro Carlos Alberto dos Santos Cruz da Secretaria de Governo.<\/p>\n","protected":false},"excerpt":{"rendered":"<p>O presidente Jair Bolsonaro (PSL) decidiu retirar o general Floriano Peixoto (foto) do cargo de ministro da Secretaria-Geral da Presid\u00eancia e transferi-lo para o comando&hellip; <\/p>\n","protected":false},"author":1,"featured_media":101399,"comment_status":"closed","ping_status":"closed","sticky":false,"template":"","format":"standard","meta":{"sfsi_plus_gutenberg_text_before_share":"","sfsi_plus_gutenberg_show_text_before_share":"","sfsi_plus_gutenberg_icon_type":"","sfsi_plus_gutenberg_icon_alignemt":"","sfsi_plus_gutenburg_max_per_row":"","footnotes":""},"categories":[11],"tags":[],"class_list":["post-101398","post","type-post","status-publish","format-standard","has-post-thumbnail","hentry","category-politica"],"_links":{"self":[{"href":"https:\/\/www.caririemacao.com\/1\/wp-json\/wp\/v2\/posts\/101398","targetHints":{"allow":["GET"]}}],"collection":[{"href":"https:\/\/www.caririemacao.com\/1\/wp-json\/wp\/v2\/posts"}],"about":[{"href":"https:\/\/www.caririemacao.com\/1\/wp-json\/wp\/v2\/types\/post"}],"author":[{"embeddable":true,"href":"https:\/\/www.caririemacao.com\/1\/wp-json\/wp\/v2\/users\/1"}],"replies":[{"embeddable":true,"href":"https:\/\/www.caririemacao.com\/1\/wp-json\/wp\/v2\/comments?post=101398"}],"version-history":[{"count":1,"href":"https:\/\/www.caririemacao.com\/1\/wp-json\/wp\/v2\/posts\/101398\/revisions"}],"predecessor-version":[{"id":101400,"href":"https:\/\/www.caririemacao.com\/1\/wp-json\/wp\/v2\/posts\/101398\/revisions\/101400"}],"wp:featuredmedia":[{"embeddable":true,"href":"https:\/\/www.caririemacao.com\/1\/wp-json\/wp\/v2\/media\/101399"}],"wp:attachment":[{"href":"https:\/\/www.caririemacao.com\/1\/wp-json\/wp\/v2\/media?parent=101398"}],"wp:term":[{"taxonomy":"category","embeddable":true,"href":"https:\/\/www.caririemacao.com\/1\/wp-json\/wp\/v2\/categories?post=101398"},{"taxonomy":"post_tag","embeddable":true,"href":"https:\/\/www.caririemacao.com\/1\/wp-json\/wp\/v2\/tags?post=101398"}],"curies":[{"name":"wp","href":"https:\/\/api.w.org\/{rel}","templated":true}]}}