{"id":101403,"date":"2019-06-21T08:21:57","date_gmt":"2019-06-21T11:21:57","guid":{"rendered":"http:\/\/www.caririemacao.com\/1\/?p=101403"},"modified":"2019-06-21T08:21:57","modified_gmt":"2019-06-21T11:21:57","slug":"brasil-enfrenta-franca-nas-oitavas-de-final-do-mundial-feminino","status":"publish","type":"post","link":"https:\/\/www.caririemacao.com\/1\/2019\/06\/21\/brasil-enfrenta-franca-nas-oitavas-de-final-do-mundial-feminino\/","title":{"rendered":"Brasil enfrenta Fran\u00e7a nas oitavas de final do Mundial Feminino"},"content":{"rendered":"\n<p>A sele\u00e7\u00e3o brasileira enfrentar\u00e1 a Fran\u00e7a neste domingo (23), \u00e0s 21h (16h em Bras\u00edlia), no Havre (noroeste franc\u00eas), pelas oitavas de final da Copa do Mundo feminina.<\/p>\n\n\n\n<p>Quarta colocada no ranking da Fifa, a Fran\u00e7a estreou na competi\u00e7\u00e3o diante de um p\u00fablico recorde (no est\u00e1dio Parc des Princes, em Paris, e na televis\u00e3o francesa) e com uma vit\u00f3ria convincente por 4 a 0 sobre a Coreia do Sul.<\/p>\n\n\n\n<p>Mas o \u00edmpeto inicial foi arrefecendo. O triunfo contra a Noruega, por 2 a 1, na segunda rodada, veio bem mais suado.<\/p>\n\n\n\n<p>Na \u00faltima apari\u00e7\u00e3o da fase de grupos, contra a inexpressiva Nig\u00e9ria (apenas 38\u00aa na classifica\u00e7\u00e3o mundial), as francesas arrancaram um gol solit\u00e1rio nos minutos finais, e de p\u00eanalti que a \u00e1rbitra mandou repetir \u201c\u201da primeira tentativa n\u00e3o havia sido convertida.<\/p>\n\n\n\n<p>A estrela da sele\u00e7\u00e3o tricolor \u00e9 a atacante Eug\u00e9nie Le Sommer, que defende o Lyon, detentor de seis t\u00edtulos da Champions League (incluindo quatro consecutivos, desde 2016). Com 76 gols pela equipe nacional, ela \u00e9 a segunda maior artilheira da hist\u00f3ria francesa.<\/p>\n\n\n\n<p>As brasileiras acumulam dois triunfos (contra Jamaica e It\u00e1lia) e uma derrota, de virada, para a Austr\u00e1lia.<\/p>\n\n\n\n<p>Quem vencer o embate de domingo deve ter pela frente nas quartas a temida sele\u00e7\u00e3o dos EUA, l\u00edder do ranking da Fifa e tricampe\u00e3 do torneio.<\/p>\n\n\n\n<p>As americanas, que chegaram \u00e0 Fran\u00e7a aplicando a maior goleada j\u00e1 vista em Mundiais (masculinos ou femininos), os 13 a 0 sobre a Tail\u00e2ndia, encaram as espanholas nas oitavas, na segunda (24).<\/p>\n\n\n\n<p>Como compara\u00e7\u00e3o, a Austr\u00e1lia, que desbancou o Brasil do segundo lugar do grupo, enfrenta a Noruega (12\u00aa do mundo) e, em caso de triunfo, o vencedor do duelo entre Inglaterra (3\u00aa) e Camar\u00f5es.<\/p>\n\n\n\n<p>O advers\u00e1rio do Brasil s\u00f3 foi definido nesta quinta (20), dois dias depois da vit\u00f3ria da equipe sobre a It\u00e1lia que garantiu as brasileiras na fase de mata-mata do torneio.<\/p>\n\n\n\n<p>Como a sele\u00e7\u00e3o ficou em terceiro lugar no Grupo C, com seis pontos, era preciso esperar confrontos que definiriam os outros terceiros colocados que avan\u00e7ariam \u201c\u201ds\u00f3 os 4 melhores de um total de 6 grupos continuam na competi\u00e7\u00e3o.<\/p>\n\n\n\n<p>Os outros classificados como terceiros colocados s\u00e3o a Nig\u00e9ria, com 3 pontos e -2 de saldo de gols no Grupo A; a China, com 4 pontos no Grupo B; e Camar\u00f5es, com 3 pontos e -2 de saldo no Grupo E.<\/p>\n\n\n\n<p>A \u00fanica combina\u00e7\u00e3o poss\u00edvel para que as brasileiras n\u00e3o enfrentassem as francesas inclu\u00eda a qualifica\u00e7\u00e3o do terceiro colocado da chave F. Se esse cen\u00e1rio se concretizasse, as advers\u00e1rias seriam as alem\u00e3s, l\u00edderes do Grupo B.<\/p>\n\n\n\n<p>No duelo decisivo do Grupo F, por\u00e9m, o Chile at\u00e9 venceu a Tail\u00e2ndia por 2 a 0, acumulando 3 pontos, mas os dois primeiros gols das chilenas no Mundial deixaram a equipe com -3 de saldo e n\u00e3o foram suficientes para que a equipe superasse Nig\u00e9ria e Camar\u00f5es.<\/p>\n\n\n\n<p>A equipe sul-americana ainda teve um p\u00eanalti a seu favor aos 40 min do segundo tempo para fazer o gol que a classificaria para as oitavas de final, mas Francisca Lara desperdi\u00e7ou chutando no travess\u00e3o.<\/p>\n","protected":false},"excerpt":{"rendered":"<p>A sele\u00e7\u00e3o brasileira enfrentar\u00e1 a Fran\u00e7a neste domingo (23), \u00e0s 21h (16h em Bras\u00edlia), no Havre (noroeste franc\u00eas), pelas oitavas de final da Copa do&hellip; <\/p>\n","protected":false},"author":1,"featured_media":101404,"comment_status":"closed","ping_status":"closed","sticky":false,"template":"","format":"standard","meta":{"sfsi_plus_gutenberg_text_before_share":"","sfsi_plus_gutenberg_show_text_before_share":"","sfsi_plus_gutenberg_icon_type":"","sfsi_plus_gutenberg_icon_alignemt":"","sfsi_plus_gutenburg_max_per_row":"","footnotes":""},"categories":[13],"tags":[],"class_list":["post-101403","post","type-post","status-publish","format-standard","has-post-thumbnail","hentry","category-esportes"],"_links":{"self":[{"href":"https:\/\/www.caririemacao.com\/1\/wp-json\/wp\/v2\/posts\/101403","targetHints":{"allow":["GET"]}}],"collection":[{"href":"https:\/\/www.caririemacao.com\/1\/wp-json\/wp\/v2\/posts"}],"about":[{"href":"https:\/\/www.caririemacao.com\/1\/wp-json\/wp\/v2\/types\/post"}],"author":[{"embeddable":true,"href":"https:\/\/www.caririemacao.com\/1\/wp-json\/wp\/v2\/users\/1"}],"replies":[{"embeddable":true,"href":"https:\/\/www.caririemacao.com\/1\/wp-json\/wp\/v2\/comments?post=101403"}],"version-history":[{"count":1,"href":"https:\/\/www.caririemacao.com\/1\/wp-json\/wp\/v2\/posts\/101403\/revisions"}],"predecessor-version":[{"id":101405,"href":"https:\/\/www.caririemacao.com\/1\/wp-json\/wp\/v2\/posts\/101403\/revisions\/101405"}],"wp:featuredmedia":[{"embeddable":true,"href":"https:\/\/www.caririemacao.com\/1\/wp-json\/wp\/v2\/media\/101404"}],"wp:attachment":[{"href":"https:\/\/www.caririemacao.com\/1\/wp-json\/wp\/v2\/media?parent=101403"}],"wp:term":[{"taxonomy":"category","embeddable":true,"href":"https:\/\/www.caririemacao.com\/1\/wp-json\/wp\/v2\/categories?post=101403"},{"taxonomy":"post_tag","embeddable":true,"href":"https:\/\/www.caririemacao.com\/1\/wp-json\/wp\/v2\/tags?post=101403"}],"curies":[{"name":"wp","href":"https:\/\/api.w.org\/{rel}","templated":true}]}}