{"id":101409,"date":"2019-06-21T08:25:31","date_gmt":"2019-06-21T11:25:31","guid":{"rendered":"http:\/\/www.caririemacao.com\/1\/?p=101409"},"modified":"2019-06-21T08:25:31","modified_gmt":"2019-06-21T11:25:31","slug":"saude-alerta-sobre-cuidados-com-doencas-no-periodo-chuvoso","status":"publish","type":"post","link":"https:\/\/www.caririemacao.com\/1\/2019\/06\/21\/saude-alerta-sobre-cuidados-com-doencas-no-periodo-chuvoso\/","title":{"rendered":"Sa\u00fade alerta sobre cuidados com doen\u00e7as no per\u00edodo chuvoso"},"content":{"rendered":"\n<p><br>A Secretaria de Estado da Sa\u00fade (SES), por meio da Ger\u00eancia Executiva de Vigil\u00e2ncia em Sa\u00fade (Gevs), est\u00e1 alertando a popula\u00e7\u00e3o dos munic\u00edpios paraibanos sobre os cuidados necess\u00e1rios \u00e0 prote\u00e7\u00e3o da sa\u00fade e vida das pessoas durante o per\u00edodo chuvoso.<\/p>\n\n\n\n<p>Em nota, a SES informa sobre o aparecimento de doen\u00e7as como leptospirose, hepatites infecciosas, diarreias agudas, doen\u00e7as dermatol\u00f3gicas e respirat\u00f3rias infecciosas.<\/p>\n\n\n\n<p>O alerta \u00e9 em rela\u00e7\u00e3o aos alimentos, \u00e1gua para consumo, higiene pessoal e do ambiente, destino do lixo e das fezes. De acordo com a nota, em casos de enchentes e alagamentos, os cuidados devem ser redobrados.<\/p>\n\n\n\n<p>Sobre o tratamento da \u00e1gua usada para beber, para uso pessoal e para fazer comida, a SES recomenda fazer da seguinte forma: para cada 1 litro de \u00e1gua, utilizar 2 gotas de hipoclorito de s\u00f3dio 2,5%, esperar 30 minutos e depois j\u00e1 est\u00e1 boa para o consumo.<\/p>\n\n\n\n<p>A secretaria informa que o Governo do Estado faz a distribui\u00e7\u00e3o de Hipoclorito de S\u00f3dio 2,5% para os 223 munic\u00edpios da Para\u00edba. Os munic\u00edpios que est\u00e3o com volume de chuvas maior que o esperado podem fazer a solicita\u00e7\u00e3o para uma demanda extra do produto que ser\u00e1 distribu\u00eddo no territ\u00f3rio.<\/p>\n\n\n\n<p>De acordo com a gerente executiva de Vigil\u00e2ncia em Sa\u00fade da SES, Talita Tavares, haver\u00e1 um aumento de 30% na distribui\u00e7\u00e3o de vacinas como DTP, DT e Pentavalente para a otimiza\u00e7\u00e3o da utiliza\u00e7\u00e3o junto a popula\u00e7\u00e3o. \u201cO objetivo \u00e9 prevenir doen\u00e7as como t\u00e9tano, difteria, coqueluche e meningite causada por Haemophilus\u201d, explica.<\/p>\n\n\n\n<p>A secretaria alerta, tamb\u00e9m, para a manipula\u00e7\u00e3o e conserva\u00e7\u00e3o dos alimentos. Estes devem ser acondicionados em latas ou recipientes fechados, fora do alcance de roedores, insetos e ou animais. A lavagem frequente das m\u00e3os deve ser feita sempre antes de manipular os alimentos.<\/p>\n\n\n\n<p>Comidas in natura (legumes, verduras, frutas, carnes, ovos, gr\u00e3os, cereais, etc.) que tiveram contato com as \u00e1guas de enchente devem ser inutilizadas, pois se contaminam facilmente. No caso de alimentos enlatados, esses tamb\u00e9m devem ser descartados quando as latas estiverem amassadas, enferrujadas ou semiabertas.<\/p>\n\n\n\n<p>Em caso de casas inundadas, ser\u00e1 necess\u00e1rio lavar e desinfetar o ch\u00e3o, paredes, objetos caseiros e roupas atingidas, ap\u00f3s as \u00e1guas baixarem. A nota de alerta recomenda evitar contato da pele com \u00e1gua e lama de enchentes usando sacos pl\u00e1sticos duplos nas m\u00e3os e p\u00e9s, ou luvas e botas.<\/p>\n\n\n\n<p>Talita Tavares alerta ainda que, ao sentir algum sintoma de doen\u00e7as, o cidad\u00e3o deve procurar a unidade de sa\u00fade do munic\u00edpio e relatar ao profissional o contato com \u00e1guas de enchente ou lama. Ela lembra que a temporada de chuvas traz \u00e0 popula\u00e7\u00e3o doen\u00e7as transmitidas pela presen\u00e7a de agentes infecciosos nas \u00e1guas. \u201cPatologias como leptospirose, diarreias e at\u00e9 hepatite A aumentam nesta \u00e9poca do ano e a popula\u00e7\u00e3o precisa estar atenta a sintomas como febre, dores e amarelamento da pele, que podem representar amea\u00e7as \u00e0 sa\u00fade, mesmo depois de dias do contato com a \u00e1gua\u201d, orienta<\/p>\n\n\n\n<p>Leptospirose- Durante as enchentes, a urina de roedores, presente nos esgotos e bueiros, mistura-se \u00e0 enxurrada e \u00e0 lama. O contato com a \u00e1gua ou lama pode infectar qualquer pessoa. A doen\u00e7a \u00e9 causada por uma bact\u00e9ria chamada Leptospira, que penetra no corpo pela pele, principalmente por arranh\u00f5es ou ferimentos, e tamb\u00e9m pela pele \u00edntegra, imersa por longos per\u00edodos na \u00e1gua ou lama contaminada. O per\u00edodo de incuba\u00e7\u00e3o da leptospirose vai de 1 a 30 dias ap\u00f3s o contato com o agente infeccioso e os sintomas variam desde febre alta, cefaleia, dores musculares, at\u00e9 quadros mais graves, podendo ocorrer icter\u00edcia (colora\u00e7\u00e3o amarelada em pele e mucosas), insufici\u00eancia renal, hemorragias e altera\u00e7\u00f5es neurol\u00f3gicas, com altas taxas de letalidade;<\/p>\n\n\n\n<p>Dados: Em 2019, h\u00e1 31 notifica\u00e7\u00f5es para Leptospirose na Para\u00edba. Destas, seis foram confirmadas (Jo\u00e3o Pessoa \u2013 3 casos, Campina Grande \u2013 2 casos e Sousa \u2013 1 caso).<\/p>\n\n\n\n<p>Hepatite A- Trata-se de uma doen\u00e7a infecciosa aguda causada por v\u00edrus. Sua transmiss\u00e3o est\u00e1 ligada diretamente \u00e0s condi\u00e7\u00f5es de saneamento b\u00e1sico e higiene pessoal. Sintomas como dores abdominais, febre, pele e olhos amarelados, al\u00e9m de uma urina escura, devem ser avaliados e direcionados para assist\u00eancia m\u00e9dica.<\/p>\n\n\n\n<p>Dados: Este ano, at\u00e9 o memento, foi notificado e confirmado apenas um caso no munic\u00edpio de Campina Grande. Em 2018, foram seis casos notificados.<\/p>\n\n\n\n<p>Diarreia Aguda \u2013 A doen\u00e7a \u00e9 caracterizada por tr\u00eas ou mais evacua\u00e7\u00f5es, amolecidas ou aquosas no per\u00edodo de 24 horas, com dura\u00e7\u00e3o de at\u00e9 14 dias. S\u00e3o causadas por bact\u00e9rias, v\u00edrus, parasitas e toxinas, que podem ser transmitidas de forma direta, de pessoa para pessoa, ou indireta, atrav\u00e9s da ingest\u00e3o de \u00e1gua e alimentos contaminados.<\/p>\n\n\n\n<p>Dados: Este ano, foram 83.094 notifica\u00e7\u00f5es para doen\u00e7a diarreica, com redu\u00e7\u00e3o de 35,98% em rela\u00e7\u00e3o ao mesmo per\u00edodo de 2018, com 129.801 notifica\u00e7\u00f5es.<\/p>\n","protected":false},"excerpt":{"rendered":"<p>A Secretaria de Estado da Sa\u00fade (SES), por meio da Ger\u00eancia Executiva de Vigil\u00e2ncia em Sa\u00fade (Gevs), est\u00e1 alertando a popula\u00e7\u00e3o dos munic\u00edpios paraibanos sobre&hellip; <\/p>\n","protected":false},"author":1,"featured_media":12055,"comment_status":"closed","ping_status":"closed","sticky":false,"template":"","format":"standard","meta":{"sfsi_plus_gutenberg_text_before_share":"","sfsi_plus_gutenberg_show_text_before_share":"","sfsi_plus_gutenberg_icon_type":"","sfsi_plus_gutenberg_icon_alignemt":"","sfsi_plus_gutenburg_max_per_row":"","footnotes":""},"categories":[50,16],"tags":[],"class_list":["post-101409","post","type-post","status-publish","format-standard","has-post-thumbnail","hentry","category-destaque","category-saude"],"_links":{"self":[{"href":"https:\/\/www.caririemacao.com\/1\/wp-json\/wp\/v2\/posts\/101409","targetHints":{"allow":["GET"]}}],"collection":[{"href":"https:\/\/www.caririemacao.com\/1\/wp-json\/wp\/v2\/posts"}],"about":[{"href":"https:\/\/www.caririemacao.com\/1\/wp-json\/wp\/v2\/types\/post"}],"author":[{"embeddable":true,"href":"https:\/\/www.caririemacao.com\/1\/wp-json\/wp\/v2\/users\/1"}],"replies":[{"embeddable":true,"href":"https:\/\/www.caririemacao.com\/1\/wp-json\/wp\/v2\/comments?post=101409"}],"version-history":[{"count":1,"href":"https:\/\/www.caririemacao.com\/1\/wp-json\/wp\/v2\/posts\/101409\/revisions"}],"predecessor-version":[{"id":101410,"href":"https:\/\/www.caririemacao.com\/1\/wp-json\/wp\/v2\/posts\/101409\/revisions\/101410"}],"wp:featuredmedia":[{"embeddable":true,"href":"https:\/\/www.caririemacao.com\/1\/wp-json\/wp\/v2\/media\/12055"}],"wp:attachment":[{"href":"https:\/\/www.caririemacao.com\/1\/wp-json\/wp\/v2\/media?parent=101409"}],"wp:term":[{"taxonomy":"category","embeddable":true,"href":"https:\/\/www.caririemacao.com\/1\/wp-json\/wp\/v2\/categories?post=101409"},{"taxonomy":"post_tag","embeddable":true,"href":"https:\/\/www.caririemacao.com\/1\/wp-json\/wp\/v2\/tags?post=101409"}],"curies":[{"name":"wp","href":"https:\/\/api.w.org\/{rel}","templated":true}]}}