{"id":101414,"date":"2019-06-21T08:35:03","date_gmt":"2019-06-21T11:35:03","guid":{"rendered":"http:\/\/www.caririemacao.com\/1\/?p=101414"},"modified":"2019-06-21T08:35:03","modified_gmt":"2019-06-21T11:35:03","slug":"prefeitura-de-sao-joao-do-tigre-entrega-pacote-de-acoes-para-populacao","status":"publish","type":"post","link":"https:\/\/www.caririemacao.com\/1\/2019\/06\/21\/prefeitura-de-sao-joao-do-tigre-entrega-pacote-de-acoes-para-populacao\/","title":{"rendered":"Prefeitura de S\u00e3o Jo\u00e3o do Tigre entrega pacote de a\u00e7\u00f5es para popula\u00e7\u00e3o"},"content":{"rendered":"\n<p>A Prefeitura de S\u00e3o Jo\u00e3o do Tigre, atrav\u00e9s do prefeito C\u00e9lio Barbosa, entregou um pacote de a\u00e7\u00f5es nesta quinta-feira (20), beneficiando a popula\u00e7\u00e3o de S\u00e3o Jo\u00e3o do Tigre com diversas obras e investimentos.<br>Foram entregues um caminh\u00e3o compactador de lixo, nove casas populares, a rotat\u00f3ria e letreiro da cidade denominada de Ant\u00f4nio Freitas de Melo, e a reforma e moderniza\u00e7\u00e3o da pra\u00e7a Estanislau Ventura Mendes, onde foram constru\u00eddos quiosques e banheiros.&nbsp;<\/p>\n\n\n\n<figure class=\"wp-block-image\"><a href=\"https:\/\/1.bp.blogspot.com\/-9N6zooXIUgM\/XQxOzas5QeI\/AAAAAAAAj84\/mX3wojrugHoirELxoVmrjChNDKYGoURygCLcBGAs\/s1600\/007.jpeg\"><img decoding=\"async\" data-src=\"https:\/\/1.bp.blogspot.com\/-9N6zooXIUgM\/XQxOzas5QeI\/AAAAAAAAj84\/mX3wojrugHoirELxoVmrjChNDKYGoURygCLcBGAs\/s320\/007.jpeg\" alt=\"\" src=\"data:image\/svg+xml;base64,PHN2ZyB3aWR0aD0iMSIgaGVpZ2h0PSIxIiB4bWxucz0iaHR0cDovL3d3dy53My5vcmcvMjAwMC9zdmciPjwvc3ZnPg==\" class=\"lazyload\" \/><\/a><\/figure>\n\n\n\n<p>Antes da solenidade de inaugura\u00e7\u00e3o, ocorreu apresenta\u00e7\u00f5es culturais e participa\u00e7\u00e3o de Lula Poeta.&nbsp;<br>O Prefeito C\u00e9lio Barbosa destacou que sua gest\u00e3o fez uma transforma\u00e7\u00e3o em S\u00e3o Jo\u00e3o do Tigre, com a\u00e7\u00f5es nos quatro cantos do munic\u00edpio. Ele ainda agradeceu o apoio dos deputados Adriano Galdino e Hugo Motta, que n\u00e3o tem medido esfor\u00e7os para ajudar a cidade.<br><\/p>\n\n\n\n<figure class=\"wp-block-image\"><a href=\"https:\/\/1.bp.blogspot.com\/-Sy_x0a3dl-c\/XQxOz9SjhnI\/AAAAAAAAj9A\/LdmCrhblmBUVlSNw7SwWIzv-vHsgiNbYwCLcBGAs\/s1600\/17218262.jpeg\"><img decoding=\"async\" data-src=\"https:\/\/1.bp.blogspot.com\/-Sy_x0a3dl-c\/XQxOz9SjhnI\/AAAAAAAAj9A\/LdmCrhblmBUVlSNw7SwWIzv-vHsgiNbYwCLcBGAs\/s320\/17218262.jpeg\" alt=\"\" src=\"data:image\/svg+xml;base64,PHN2ZyB3aWR0aD0iMSIgaGVpZ2h0PSIxIiB4bWxucz0iaHR0cDovL3d3dy53My5vcmcvMjAwMC9zdmciPjwvc3ZnPg==\" class=\"lazyload\" \/><\/a><\/figure>\n\n\n\n<p>O deputado federal Hugo Motta destacou que sua parceria com o munic\u00edpio come\u00e7ou antes da elei\u00e7\u00e3o, e que nesse pouco tempo de parceria, j\u00e1 destinou mais de dois milh\u00f5es e seiscentos mil reais. &#8220;S\u00e3o mais de dois milh\u00f5es e seiscentos mil reais em a\u00e7\u00f5es na cidade, coisa nunca visto antes, pois nosso compromisso \u00e9 com o povo, \u00e9 de trabalhar por S\u00e3o Jo\u00e3o do Tigre e todos os paraibanos que nos confiaram seu voto&#8221;, disse o deputado.&nbsp;<br>O Secret\u00e1rio de Finan\u00e7as M\u00e1rcio Leite, falou em nome dos demais secret\u00e1rios, e destacou que S\u00e3o Jo\u00e3o do Tigre hoje vive um nome tempo, com sal\u00e1rio em dias, cr\u00e9dito no com\u00e9rcio, sendo um dos munic\u00edpios mais bem equilibrados financeiramente no Estado.<br><\/p>\n\n\n\n<figure class=\"wp-block-image\"><a href=\"https:\/\/1.bp.blogspot.com\/-E59th3VS18s\/XQxPF8JsIVI\/AAAAAAAAj9Y\/mAIlwp8w9F0mRdp6jeNGYmaJOzrsbzrxwCLcBGAs\/s1600\/004%2B-%2BCopia.jpeg\"><img decoding=\"async\" data-src=\"https:\/\/1.bp.blogspot.com\/-E59th3VS18s\/XQxPF8JsIVI\/AAAAAAAAj9Y\/mAIlwp8w9F0mRdp6jeNGYmaJOzrsbzrxwCLcBGAs\/s320\/004%2B-%2BCopia.jpeg\" alt=\"\" src=\"data:image\/svg+xml;base64,PHN2ZyB3aWR0aD0iMSIgaGVpZ2h0PSIxIiB4bWxucz0iaHR0cDovL3d3dy53My5vcmcvMjAwMC9zdmciPjwvc3ZnPg==\" class=\"lazyload\" \/><\/a><\/figure>\n\n\n\n<p>J\u00e1 o Presidente da C\u00e2mara, Arn\u00f3bio, parabenizou a gest\u00e3o do Prefeito C\u00e9lio pelo compromisso e trabalho que vem realizando ao longo dos seus mandatos, e disse que o Poder Legislativo tem sido parceiro e contribu\u00eddo com a gest\u00e3o.\u00a0<br>Logo ap\u00f3s a solenidade, houve apresenta\u00e7\u00e3o culturais da assist\u00eancia, concurso de forr\u00f3, e muito forr\u00f3 p\u00e9 de Serra com Ot\u00e1vio do Acordeon e Henrique dos teclados.<br>Estiveram presentes al\u00e9m do prefeito C\u00e9lio, do deputado Hugo Motta, do secret\u00e1rio M\u00e1rcio e do presidente da C\u00e2mara Arn\u00f3bio, a vice-prefeita Em\u00edlia de Jo\u00e3o de Manuca, os vereadores Igor, Luiz da Aroeira, Leninha de Calixto, Lucinha de Milson, Arnaldo Xavier e Salom\u00e3o, os demais secret\u00e1rios que comp\u00f5em a gest\u00e3o, lideran\u00e7as locais e p\u00fablico em geral.<br>Lideran\u00e7as de outros munic\u00edpios, a exemplo do prefeito Adriano Wolff e vice Chico Mariano de S\u00e3o Sebasti\u00e3o do Umbuzeiro, e o vereador Ant\u00f4nio Bezerra de Camala\u00fa, estiveram marcando presen\u00e7a.<\/p>\n","protected":false},"excerpt":{"rendered":"<p>A Prefeitura de S\u00e3o Jo\u00e3o do Tigre, atrav\u00e9s do prefeito C\u00e9lio Barbosa, entregou um pacote de a\u00e7\u00f5es nesta quinta-feira (20), beneficiando a popula\u00e7\u00e3o de S\u00e3o&hellip; <\/p>\n","protected":false},"author":1,"featured_media":101415,"comment_status":"closed","ping_status":"closed","sticky":false,"template":"","format":"standard","meta":{"sfsi_plus_gutenberg_text_before_share":"","sfsi_plus_gutenberg_show_text_before_share":"","sfsi_plus_gutenberg_icon_type":"","sfsi_plus_gutenberg_icon_alignemt":"","sfsi_plus_gutenburg_max_per_row":"","footnotes":""},"categories":[6],"tags":[],"class_list":["post-101414","post","type-post","status-publish","format-standard","has-post-thumbnail","hentry","category-cidades"],"_links":{"self":[{"href":"https:\/\/www.caririemacao.com\/1\/wp-json\/wp\/v2\/posts\/101414","targetHints":{"allow":["GET"]}}],"collection":[{"href":"https:\/\/www.caririemacao.com\/1\/wp-json\/wp\/v2\/posts"}],"about":[{"href":"https:\/\/www.caririemacao.com\/1\/wp-json\/wp\/v2\/types\/post"}],"author":[{"embeddable":true,"href":"https:\/\/www.caririemacao.com\/1\/wp-json\/wp\/v2\/users\/1"}],"replies":[{"embeddable":true,"href":"https:\/\/www.caririemacao.com\/1\/wp-json\/wp\/v2\/comments?post=101414"}],"version-history":[{"count":1,"href":"https:\/\/www.caririemacao.com\/1\/wp-json\/wp\/v2\/posts\/101414\/revisions"}],"predecessor-version":[{"id":101416,"href":"https:\/\/www.caririemacao.com\/1\/wp-json\/wp\/v2\/posts\/101414\/revisions\/101416"}],"wp:featuredmedia":[{"embeddable":true,"href":"https:\/\/www.caririemacao.com\/1\/wp-json\/wp\/v2\/media\/101415"}],"wp:attachment":[{"href":"https:\/\/www.caririemacao.com\/1\/wp-json\/wp\/v2\/media?parent=101414"}],"wp:term":[{"taxonomy":"category","embeddable":true,"href":"https:\/\/www.caririemacao.com\/1\/wp-json\/wp\/v2\/categories?post=101414"},{"taxonomy":"post_tag","embeddable":true,"href":"https:\/\/www.caririemacao.com\/1\/wp-json\/wp\/v2\/tags?post=101414"}],"curies":[{"name":"wp","href":"https:\/\/api.w.org\/{rel}","templated":true}]}}