{"id":101420,"date":"2019-06-21T08:38:21","date_gmt":"2019-06-21T11:38:21","guid":{"rendered":"http:\/\/www.caririemacao.com\/1\/?p=101420"},"modified":"2019-06-21T08:38:21","modified_gmt":"2019-06-21T11:38:21","slug":"sao-joao-de-monteiro-tera-sua-abertura-hoje-21","status":"publish","type":"post","link":"https:\/\/www.caririemacao.com\/1\/2019\/06\/21\/sao-joao-de-monteiro-tera-sua-abertura-hoje-21\/","title":{"rendered":"S\u00e3o Jo\u00e3o de Monteiro ter\u00e1 sua abertura hoje (21)"},"content":{"rendered":"\n<p>O S\u00e3o Jo\u00e3o de Monteiro 2019, Uma Festa Cada Vez Maior, na Pra\u00e7a de Eventos Zab\u00ea da Loca, ter\u00e1 sua abertura hoje (21) sexta-feira e ficar\u00e1 por conta da cantora Solange Almeida. Ainda se apresentar\u00e3o no palco principal Davi Louren\u00e7o, Marcelo Paiva &amp; Santiago e S\u00e2mya Maia.<br>Uma megaestrutura foi preparada para receber os milhares de forrozeiros na Pra\u00e7a Zab\u00ea da Loca. Com uma \u00e1rea de quase 10 mil metros quadrados, o local do evento contar\u00e1 com 96 camarotes, bares e barracas destinadas ao com\u00e9rcio de alimentos e bebidas, espa\u00e7o para servi\u00e7os de seguran\u00e7a e presta\u00e7\u00e3o de primeiros socorros como Samu, Bombeiros Civis e Pol\u00edcias Civil e Militar.<br><strong>S\u00edtio S\u00e3o Francisco<\/strong>O forr\u00f3 come\u00e7a mais cedo, no S\u00edtio S\u00e3o Francisco, que j\u00e1 virou tradi\u00e7\u00e3o e ponto de encontro das fam\u00edlias, amigos e turistas no S\u00e3o Jo\u00e3o de Monteiro. Idealizado na gest\u00e3o da Prefeita Anna Lorena, a programa\u00e7\u00e3o do S\u00edtio S\u00e3o Francisco come\u00e7a \u00e0s 16h desta sexta-feira (21), com Forr\u00f3 P\u00e9 de Serra, Sussa de Monteiro e Xote Universit\u00e1rio.<br>Confira abaixo a programa\u00e7\u00e3o completa:<br><strong>Palco principal<\/strong>21 de junho (sexta-feira)Solange Almeida, S\u00e2mya Maia, Davi Louren\u00e7o e Marcelo Paiva &amp; Santiago<br>22 de junho (s\u00e1bado)Jonas Esticado, Dejinha de Monteiro, Fabiana Souto e Forr\u00f3 +Eu<br>23 de junho (domingo)Jorge de Altinho, Banda Encantu\u2019s, Matheus Fernandes e Neno o Magn\u00edfico<br>24 de junho (segunda-feira)M\u00e1rcia Fellipe, Edson Lima, Niedson Lua e Adriano Silva<br>25 de junho (ter\u00e7a-feira)Wesley Safad\u00e3o, Walkyria Santos, Fabiano Guimar\u00e3es e Xod\u00f3 do Cariri<br><strong>S\u00edtio S\u00e3o Francisco<\/strong>Dia 21Trio P\u00e9 de Serra, Sussa de Monteiro e Xote Universit\u00e1rio<br>Dia 22Trio P\u00e9 de Serra, Forr\u00f3 Gente Boa e Tonny Lucco<br>Dia 23Trio P\u00e9 de Serra, AMIGOS DE MONTEIRO (Nanado, Ulisses, Marcone e Edilson) eRagner Vox<br>Dia 24Trio P\u00e9 de Serra, FORR\u00d3 KENT e Vav\u00e1 Dias<br>Dia 25Trio P\u00e9 de Serra e M W Show<br>Dia 26Trio P\u00e9 de Serra e Amor Falso<br>Dia 27Trio P\u00e9 de Serra, Casamento Comunit\u00e1rio, Forr\u00f3 do Candeeiro e Patr\u00f5es do Forr\u00f3<br>Dia 28Forr\u00f3 P\u00e9 de Serra, Musical Dias<br>Dia 29Trio P\u00e9 de Serra, Ramon do Acordeom e Fernando e Felipe<\/p>\n","protected":false},"excerpt":{"rendered":"<p>O S\u00e3o Jo\u00e3o de Monteiro 2019, Uma Festa Cada Vez Maior, na Pra\u00e7a de Eventos Zab\u00ea da Loca, ter\u00e1 sua abertura hoje (21) sexta-feira e&hellip; <\/p>\n","protected":false},"author":1,"featured_media":100896,"comment_status":"closed","ping_status":"closed","sticky":false,"template":"","format":"standard","meta":{"sfsi_plus_gutenberg_text_before_share":"","sfsi_plus_gutenberg_show_text_before_share":"","sfsi_plus_gutenberg_icon_type":"","sfsi_plus_gutenberg_icon_alignemt":"","sfsi_plus_gutenburg_max_per_row":"","footnotes":""},"categories":[50,2],"tags":[],"class_list":["post-101420","post","type-post","status-publish","format-standard","has-post-thumbnail","hentry","category-destaque","category-geral"],"_links":{"self":[{"href":"https:\/\/www.caririemacao.com\/1\/wp-json\/wp\/v2\/posts\/101420","targetHints":{"allow":["GET"]}}],"collection":[{"href":"https:\/\/www.caririemacao.com\/1\/wp-json\/wp\/v2\/posts"}],"about":[{"href":"https:\/\/www.caririemacao.com\/1\/wp-json\/wp\/v2\/types\/post"}],"author":[{"embeddable":true,"href":"https:\/\/www.caririemacao.com\/1\/wp-json\/wp\/v2\/users\/1"}],"replies":[{"embeddable":true,"href":"https:\/\/www.caririemacao.com\/1\/wp-json\/wp\/v2\/comments?post=101420"}],"version-history":[{"count":1,"href":"https:\/\/www.caririemacao.com\/1\/wp-json\/wp\/v2\/posts\/101420\/revisions"}],"predecessor-version":[{"id":101422,"href":"https:\/\/www.caririemacao.com\/1\/wp-json\/wp\/v2\/posts\/101420\/revisions\/101422"}],"wp:featuredmedia":[{"embeddable":true,"href":"https:\/\/www.caririemacao.com\/1\/wp-json\/wp\/v2\/media\/100896"}],"wp:attachment":[{"href":"https:\/\/www.caririemacao.com\/1\/wp-json\/wp\/v2\/media?parent=101420"}],"wp:term":[{"taxonomy":"category","embeddable":true,"href":"https:\/\/www.caririemacao.com\/1\/wp-json\/wp\/v2\/categories?post=101420"},{"taxonomy":"post_tag","embeddable":true,"href":"https:\/\/www.caririemacao.com\/1\/wp-json\/wp\/v2\/tags?post=101420"}],"curies":[{"name":"wp","href":"https:\/\/api.w.org\/{rel}","templated":true}]}}