{"id":101426,"date":"2019-06-21T08:45:15","date_gmt":"2019-06-21T11:45:15","guid":{"rendered":"http:\/\/www.caririemacao.com\/1\/?p=101426"},"modified":"2019-06-21T08:45:15","modified_gmt":"2019-06-21T11:45:15","slug":"sao-joao-de-monteiro-contara-com-cavalgada-junina","status":"publish","type":"post","link":"https:\/\/www.caririemacao.com\/1\/2019\/06\/21\/sao-joao-de-monteiro-contara-com-cavalgada-junina\/","title":{"rendered":"S\u00e3o Jo\u00e3o de Monteiro contar\u00e1 com \u2018Cavalgada Junina\u2019"},"content":{"rendered":"\n<p>Com percurso de 11 quil\u00f4metros, o S\u00e3o Jo\u00e3o de Monteiro contar\u00e1 dentro de sua programa\u00e7\u00e3o com a Cavalgada Junina, no dia 23 de junho, v\u00e9spera de S\u00e3o Jo\u00e3o, com sa\u00edda \u00e0s 9h, da Embrapa, passando pelo Parque Santa Terezinha, S\u00edtio Bom Jesus e concluindo no centro da cidade.<\/p>\n\n\n\n<p>De acordo com o vereador Caj\u00f3 Menezes, um dos coordenadores do evento, haver\u00e1 trio de forr\u00f3 p\u00e9 de serra acompanhando a cavalgada at\u00e9 o final do percurso e tamb\u00e9m ser\u00e1 servido um grande caf\u00e9 da manh\u00e3 na concentra\u00e7\u00e3o antes da sa\u00edda.<\/p>\n\n\n\n<p>A Cavalgada junina \u00e9 uma realiza\u00e7\u00e3o da Prefeitura Municipal de Monteiro atrav\u00e9s da Secretaria de Cultura, e da equipe comandada pela secret\u00e1ria Christianne Leal.<\/p>\n\n\n\n<p><strong>Blog do Bruno Lira<\/strong><\/p>\n","protected":false},"excerpt":{"rendered":"<p>Com percurso de 11 quil\u00f4metros, o S\u00e3o Jo\u00e3o de Monteiro contar\u00e1 dentro de sua programa\u00e7\u00e3o com a Cavalgada Junina, no dia 23 de junho, v\u00e9spera&hellip; <\/p>\n","protected":false},"author":1,"featured_media":101427,"comment_status":"closed","ping_status":"closed","sticky":false,"template":"","format":"standard","meta":{"sfsi_plus_gutenberg_text_before_share":"","sfsi_plus_gutenberg_show_text_before_share":"","sfsi_plus_gutenberg_icon_type":"","sfsi_plus_gutenberg_icon_alignemt":"","sfsi_plus_gutenburg_max_per_row":"","footnotes":""},"categories":[6,50],"tags":[],"class_list":["post-101426","post","type-post","status-publish","format-standard","has-post-thumbnail","hentry","category-cidades","category-destaque"],"_links":{"self":[{"href":"https:\/\/www.caririemacao.com\/1\/wp-json\/wp\/v2\/posts\/101426","targetHints":{"allow":["GET"]}}],"collection":[{"href":"https:\/\/www.caririemacao.com\/1\/wp-json\/wp\/v2\/posts"}],"about":[{"href":"https:\/\/www.caririemacao.com\/1\/wp-json\/wp\/v2\/types\/post"}],"author":[{"embeddable":true,"href":"https:\/\/www.caririemacao.com\/1\/wp-json\/wp\/v2\/users\/1"}],"replies":[{"embeddable":true,"href":"https:\/\/www.caririemacao.com\/1\/wp-json\/wp\/v2\/comments?post=101426"}],"version-history":[{"count":1,"href":"https:\/\/www.caririemacao.com\/1\/wp-json\/wp\/v2\/posts\/101426\/revisions"}],"predecessor-version":[{"id":101428,"href":"https:\/\/www.caririemacao.com\/1\/wp-json\/wp\/v2\/posts\/101426\/revisions\/101428"}],"wp:featuredmedia":[{"embeddable":true,"href":"https:\/\/www.caririemacao.com\/1\/wp-json\/wp\/v2\/media\/101427"}],"wp:attachment":[{"href":"https:\/\/www.caririemacao.com\/1\/wp-json\/wp\/v2\/media?parent=101426"}],"wp:term":[{"taxonomy":"category","embeddable":true,"href":"https:\/\/www.caririemacao.com\/1\/wp-json\/wp\/v2\/categories?post=101426"},{"taxonomy":"post_tag","embeddable":true,"href":"https:\/\/www.caririemacao.com\/1\/wp-json\/wp\/v2\/tags?post=101426"}],"curies":[{"name":"wp","href":"https:\/\/api.w.org\/{rel}","templated":true}]}}