{"id":101431,"date":"2019-06-21T09:28:12","date_gmt":"2019-06-21T12:28:12","guid":{"rendered":"http:\/\/www.caririemacao.com\/1\/?p=101431"},"modified":"2019-06-21T09:28:12","modified_gmt":"2019-06-21T12:28:12","slug":"monteirenses-vao-curtir-o-sao-joao-de-monteiro-com-o-salario-em-conta","status":"publish","type":"post","link":"https:\/\/www.caririemacao.com\/1\/2019\/06\/21\/monteirenses-vao-curtir-o-sao-joao-de-monteiro-com-o-salario-em-conta\/","title":{"rendered":"Monteirenses v\u00e3o curtir o S\u00e3o Jo\u00e3o de Monteiro com o sal\u00e1rio em conta"},"content":{"rendered":"\n<p>A prefeita do munic\u00edpio de Monteiro, Anna Lorena, anunciou na tarde desta quarta-feira,19, durante reuni\u00e3o em seu gabinete junto aos seus assessores e da secret\u00e1ria de finan\u00e7as, Rosilda Henrique, o dep\u00f3sito em conta dos vencimentos relativos ao m\u00eas de junho.<\/p>\n\n\n\n<p>Com o intuito de valorizar ainda mais as festividades juninas Anna Lorena decidiu ap\u00f3s uma avalia\u00e7\u00e3o das finan\u00e7as municipais que o cr\u00e9dito nas contas dos servidores municipais deveriam estar dispon\u00edveis nas contas nesta quinta-feira, 20.<\/p>\n\n\n\n<p>Pontualmente neste m\u00eas, todo o funcionalismo e inativos j\u00e1 podem realizar o saque, diferente dos meses anteriores que o pagamento acontece em tr\u00eas dias.<\/p>\n\n\n\n<p>Est\u00e3o liberados cerca de 2 milh\u00f5es de reais para que monteirenses e o com\u00e9rcio local possam ser aquecidos&nbsp;neste per\u00edodo de festividades.<\/p>\n\n\n\n<p>\u201cEsperamos que todos possam curtir as festividades em paz, com muita alegria e seus sal\u00e1rios em m\u00e3os. Buscamos o equil\u00edbrio financeiro para proporcionar este benef\u00edcio aos nossos funcion\u00e1rios\u201d, comenta a gestora.<\/p>\n","protected":false},"excerpt":{"rendered":"<p>A prefeita do munic\u00edpio de Monteiro, Anna Lorena, anunciou na tarde desta quarta-feira,19, durante reuni\u00e3o em seu gabinete junto aos seus assessores e da secret\u00e1ria&hellip; <\/p>\n","protected":false},"author":1,"featured_media":101432,"comment_status":"closed","ping_status":"closed","sticky":false,"template":"","format":"standard","meta":{"sfsi_plus_gutenberg_text_before_share":"","sfsi_plus_gutenberg_show_text_before_share":"","sfsi_plus_gutenberg_icon_type":"","sfsi_plus_gutenberg_icon_alignemt":"","sfsi_plus_gutenburg_max_per_row":"","footnotes":""},"categories":[2],"tags":[],"class_list":["post-101431","post","type-post","status-publish","format-standard","has-post-thumbnail","hentry","category-geral"],"_links":{"self":[{"href":"https:\/\/www.caririemacao.com\/1\/wp-json\/wp\/v2\/posts\/101431","targetHints":{"allow":["GET"]}}],"collection":[{"href":"https:\/\/www.caririemacao.com\/1\/wp-json\/wp\/v2\/posts"}],"about":[{"href":"https:\/\/www.caririemacao.com\/1\/wp-json\/wp\/v2\/types\/post"}],"author":[{"embeddable":true,"href":"https:\/\/www.caririemacao.com\/1\/wp-json\/wp\/v2\/users\/1"}],"replies":[{"embeddable":true,"href":"https:\/\/www.caririemacao.com\/1\/wp-json\/wp\/v2\/comments?post=101431"}],"version-history":[{"count":1,"href":"https:\/\/www.caririemacao.com\/1\/wp-json\/wp\/v2\/posts\/101431\/revisions"}],"predecessor-version":[{"id":101433,"href":"https:\/\/www.caririemacao.com\/1\/wp-json\/wp\/v2\/posts\/101431\/revisions\/101433"}],"wp:featuredmedia":[{"embeddable":true,"href":"https:\/\/www.caririemacao.com\/1\/wp-json\/wp\/v2\/media\/101432"}],"wp:attachment":[{"href":"https:\/\/www.caririemacao.com\/1\/wp-json\/wp\/v2\/media?parent=101431"}],"wp:term":[{"taxonomy":"category","embeddable":true,"href":"https:\/\/www.caririemacao.com\/1\/wp-json\/wp\/v2\/categories?post=101431"},{"taxonomy":"post_tag","embeddable":true,"href":"https:\/\/www.caririemacao.com\/1\/wp-json\/wp\/v2\/tags?post=101431"}],"curies":[{"name":"wp","href":"https:\/\/api.w.org\/{rel}","templated":true}]}}