{"id":101445,"date":"2019-06-21T13:07:26","date_gmt":"2019-06-21T16:07:26","guid":{"rendered":"http:\/\/www.caririemacao.com\/1\/?p=101445"},"modified":"2019-06-21T13:07:26","modified_gmt":"2019-06-21T16:07:26","slug":"no-cariri-em-menos-de-04-dias-estabelecimento-e-arrombado-02-vezes-e-dono-nao-consegue-registrar-ocorrencia","status":"publish","type":"post","link":"https:\/\/www.caririemacao.com\/1\/2019\/06\/21\/no-cariri-em-menos-de-04-dias-estabelecimento-e-arrombado-02-vezes-e-dono-nao-consegue-registrar-ocorrencia\/","title":{"rendered":"NO CARIRI: Em menos de 04 dias, estabelecimento \u00e9 arrombado 02 vezes e dono n\u00e3o consegue registrar ocorr\u00eancia"},"content":{"rendered":"\n<p>Um fato chamou aten\u00e7\u00e3o da reportagem do Cariri em A\u00e7\u00e3o ao ser procurado pelo empres\u00e1rio monteirense, o senhor Sivaldo do Sacol\u00e3o, relatando que seu estabelecimento comercial \u201cSacol\u00e3o do Povo\u201d, localizado pr\u00f3ximo \u00e0 Pra\u00e7a da Saudade, bem no centro da cidade, foi alvo de dois arrombamentos em menos de 04 dias.<\/p>\n\n\n\n<p>Segundo Sivaldo, os bandidos arrombaram o Sacol\u00e3o do Povo, pela\nvez, na madrugada da segunda-feira, dia 17, e como se n\u00e3o bastasse, o mesmo\nestabelecimento foi novamente arrombado na madrugada desta quinta-feira, dia\n20, feriado nacional de \u2018corpus christi\u2019.<\/p>\n\n\n\n<p>O empres\u00e1rio disse que est\u00e1 decepcionado porque nesta quinta-feira, foi at\u00e9 a Delegacia de Pol\u00edcia para registrar a ocorr\u00eancia e n\u00e3o conseguiu. Ele relatou que n\u00e3o foi s\u00f3 uma vez, e sim 04 vezes, mas sem \u00eaxito. <\/p>\n\n\n\n<p>Ele espera que fato como esse n\u00e3o seja constante, porque\nquem perde \u00e9 a popula\u00e7\u00e3o que trabalha e gera emprego na cidade.<\/p>\n","protected":false},"excerpt":{"rendered":"<p>Um fato chamou aten\u00e7\u00e3o da reportagem do Cariri em A\u00e7\u00e3o ao ser procurado pelo empres\u00e1rio monteirense, o senhor Sivaldo do Sacol\u00e3o, relatando que seu estabelecimento&hellip; <\/p>\n","protected":false},"author":2,"featured_media":101465,"comment_status":"closed","ping_status":"closed","sticky":false,"template":"","format":"standard","meta":{"sfsi_plus_gutenberg_text_before_share":"","sfsi_plus_gutenberg_show_text_before_share":"","sfsi_plus_gutenberg_icon_type":"","sfsi_plus_gutenberg_icon_alignemt":"","sfsi_plus_gutenburg_max_per_row":"","footnotes":""},"categories":[50,12],"tags":[],"class_list":["post-101445","post","type-post","status-publish","format-standard","has-post-thumbnail","hentry","category-destaque","category-policia"],"_links":{"self":[{"href":"https:\/\/www.caririemacao.com\/1\/wp-json\/wp\/v2\/posts\/101445","targetHints":{"allow":["GET"]}}],"collection":[{"href":"https:\/\/www.caririemacao.com\/1\/wp-json\/wp\/v2\/posts"}],"about":[{"href":"https:\/\/www.caririemacao.com\/1\/wp-json\/wp\/v2\/types\/post"}],"author":[{"embeddable":true,"href":"https:\/\/www.caririemacao.com\/1\/wp-json\/wp\/v2\/users\/2"}],"replies":[{"embeddable":true,"href":"https:\/\/www.caririemacao.com\/1\/wp-json\/wp\/v2\/comments?post=101445"}],"version-history":[{"count":2,"href":"https:\/\/www.caririemacao.com\/1\/wp-json\/wp\/v2\/posts\/101445\/revisions"}],"predecessor-version":[{"id":101453,"href":"https:\/\/www.caririemacao.com\/1\/wp-json\/wp\/v2\/posts\/101445\/revisions\/101453"}],"wp:featuredmedia":[{"embeddable":true,"href":"https:\/\/www.caririemacao.com\/1\/wp-json\/wp\/v2\/media\/101465"}],"wp:attachment":[{"href":"https:\/\/www.caririemacao.com\/1\/wp-json\/wp\/v2\/media?parent=101445"}],"wp:term":[{"taxonomy":"category","embeddable":true,"href":"https:\/\/www.caririemacao.com\/1\/wp-json\/wp\/v2\/categories?post=101445"},{"taxonomy":"post_tag","embeddable":true,"href":"https:\/\/www.caririemacao.com\/1\/wp-json\/wp\/v2\/tags?post=101445"}],"curies":[{"name":"wp","href":"https:\/\/api.w.org\/{rel}","templated":true}]}}