{"id":101446,"date":"2019-06-21T12:47:05","date_gmt":"2019-06-21T15:47:05","guid":{"rendered":"http:\/\/www.caririemacao.com\/1\/?p=101446"},"modified":"2019-06-21T12:47:05","modified_gmt":"2019-06-21T15:47:05","slug":"prf-apreende-25-motocicletas-em-tres-horas-de-fiscalizacao-na-rodovia-entre-monteiro-e-sume","status":"publish","type":"post","link":"https:\/\/www.caririemacao.com\/1\/2019\/06\/21\/prf-apreende-25-motocicletas-em-tres-horas-de-fiscalizacao-na-rodovia-entre-monteiro-e-sume\/","title":{"rendered":"PRF apreende 25 motocicletas em tr\u00eas horas de fiscaliza\u00e7\u00e3o na rodovia entre Monteiro e Sum\u00e9"},"content":{"rendered":"\n<p>Com a chegada dos festejos juninos, a Pol\u00edcia Rodovi\u00e1ria Federal (PRF) intensificou a fiscaliza\u00e7\u00e3o nas rodovias federais paraibanas e realizou a\u00e7\u00e3o da Opera\u00e7\u00e3o Duas Rodas. Nesta quinta-feira (20) a fiscaliza\u00e7\u00e3o aconteceu na BR-412 entre os munic\u00edpios de Monteiro e Sum\u00e9, no Cariri do Estado.<\/p>\n\n\n\n<p>Em apenas tr\u00eas horas de fiscaliza\u00e7\u00e3o, foram recolhidas 25 motocicletas e emitidas 88 notifica\u00e7\u00f5es de tr\u00e2nsito. A Opera\u00e7\u00e3o Duas Rodas tem como foco a fiscaliza\u00e7\u00e3o de motocicletas visando reduzir acidentes de tr\u00e2nsito com esse tipo de ve\u00edculo, bem como coibir pr\u00e1ticas criminosas.&nbsp;<\/p>\n\n\n\n<p>O Grupo Regional de Motociclismo continuar\u00e1 atuando durante a Opera\u00e7\u00e3o Festejos Juninos em pontos considerados estrat\u00e9gicos pela PRF.<\/p>\n\n\n\n<figure class=\"wp-block-image\"><img decoding=\"async\" data-src=\"https:\/\/www.clickpb.com.br\/media\/filer_public\/9e\/b0\/9eb01365-a0aa-4add-b1c3-d946fbe767ed\/operacao_duas_rodas_-_monteiro_e_sume_1.jpg\" alt=\"\" src=\"data:image\/svg+xml;base64,PHN2ZyB3aWR0aD0iMSIgaGVpZ2h0PSIxIiB4bWxucz0iaHR0cDovL3d3dy53My5vcmcvMjAwMC9zdmciPjwvc3ZnPg==\" class=\"lazyload\" \/><\/figure>\n\n\n\n<figure class=\"wp-block-image\"><img decoding=\"async\" data-src=\"https:\/\/www.clickpb.com.br\/media\/filer_public\/04\/bd\/04bde22a-8177-4727-8845-279f5b0b653a\/operacao_duas_rodas_-_monteiro_e_sume_2.jpg\" alt=\"\" src=\"data:image\/svg+xml;base64,PHN2ZyB3aWR0aD0iMSIgaGVpZ2h0PSIxIiB4bWxucz0iaHR0cDovL3d3dy53My5vcmcvMjAwMC9zdmciPjwvc3ZnPg==\" class=\"lazyload\" \/><\/figure>\n","protected":false},"excerpt":{"rendered":"<p>Com a chegada dos festejos juninos, a Pol\u00edcia Rodovi\u00e1ria Federal (PRF) intensificou a fiscaliza\u00e7\u00e3o nas rodovias federais paraibanas e realizou a\u00e7\u00e3o da Opera\u00e7\u00e3o Duas Rodas.&hellip; <\/p>\n","protected":false},"author":1,"featured_media":101447,"comment_status":"closed","ping_status":"closed","sticky":false,"template":"","format":"standard","meta":{"sfsi_plus_gutenberg_text_before_share":"","sfsi_plus_gutenberg_show_text_before_share":"","sfsi_plus_gutenberg_icon_type":"","sfsi_plus_gutenberg_icon_alignemt":"","sfsi_plus_gutenburg_max_per_row":"","footnotes":""},"categories":[6,50],"tags":[],"class_list":["post-101446","post","type-post","status-publish","format-standard","has-post-thumbnail","hentry","category-cidades","category-destaque"],"_links":{"self":[{"href":"https:\/\/www.caririemacao.com\/1\/wp-json\/wp\/v2\/posts\/101446","targetHints":{"allow":["GET"]}}],"collection":[{"href":"https:\/\/www.caririemacao.com\/1\/wp-json\/wp\/v2\/posts"}],"about":[{"href":"https:\/\/www.caririemacao.com\/1\/wp-json\/wp\/v2\/types\/post"}],"author":[{"embeddable":true,"href":"https:\/\/www.caririemacao.com\/1\/wp-json\/wp\/v2\/users\/1"}],"replies":[{"embeddable":true,"href":"https:\/\/www.caririemacao.com\/1\/wp-json\/wp\/v2\/comments?post=101446"}],"version-history":[{"count":1,"href":"https:\/\/www.caririemacao.com\/1\/wp-json\/wp\/v2\/posts\/101446\/revisions"}],"predecessor-version":[{"id":101448,"href":"https:\/\/www.caririemacao.com\/1\/wp-json\/wp\/v2\/posts\/101446\/revisions\/101448"}],"wp:featuredmedia":[{"embeddable":true,"href":"https:\/\/www.caririemacao.com\/1\/wp-json\/wp\/v2\/media\/101447"}],"wp:attachment":[{"href":"https:\/\/www.caririemacao.com\/1\/wp-json\/wp\/v2\/media?parent=101446"}],"wp:term":[{"taxonomy":"category","embeddable":true,"href":"https:\/\/www.caririemacao.com\/1\/wp-json\/wp\/v2\/categories?post=101446"},{"taxonomy":"post_tag","embeddable":true,"href":"https:\/\/www.caririemacao.com\/1\/wp-json\/wp\/v2\/tags?post=101446"}],"curies":[{"name":"wp","href":"https:\/\/api.w.org\/{rel}","templated":true}]}}