{"id":101464,"date":"2019-06-21T13:08:17","date_gmt":"2019-06-21T16:08:17","guid":{"rendered":"http:\/\/www.caririemacao.com\/1\/?p=101464"},"modified":"2019-06-21T13:08:17","modified_gmt":"2019-06-21T16:08:17","slug":"presidente-bolsonaro-considera-ministros-como-fusiveis","status":"publish","type":"post","link":"https:\/\/www.caririemacao.com\/1\/2019\/06\/21\/presidente-bolsonaro-considera-ministros-como-fusiveis\/","title":{"rendered":"Presidente Bolsonaro considera ministros como \u2018fus\u00edveis\u2019"},"content":{"rendered":"\n<p>Ao anunciar mudan\u00e7as em sua equipe ministerial, o presidente Jair Bolsonaro (PSL) reconheceu que seu governo tinha problemas na articula\u00e7\u00e3o pol\u00edtica. \u201cT\u00ednhamos problema na articula\u00e7\u00e3o pol\u00edtica em parte sim\u201d, afirmou em entrevista no Pal\u00e1cio do Planalto nesta sexta-feira (21).<\/p>\n\n\n\n<p>Por meio de medida provis\u00f3ria publicada na quarta-feira (19), Bolsonaro transferiu a articula\u00e7\u00e3o pol\u00edtica de Onyx Lorenzoni (Casa Civil) para o general Luiz Eduardo Ramos (Secretaria de Governo).<\/p>\n\n\n\n<p>Esta foi a primeira vez que ele falou sobre a mudan\u00e7a.&nbsp;Segundo&nbsp;ele, os ministros que ocupam as pastas do Planalto s\u00e3o \u201cfus\u00edveis\u201d e se queimam para proteger o presidente.<\/p>\n\n\n\n<p>Ele minimizou o fato de ter retirado de Onyx a tarefa de di\u00e1logo com o Congresso e disse que a fun\u00e7\u00e3o dele \u201c\u00e9 a mais ingrata\u201d.<\/p>\n\n\n\n<p>O presidente comparou o trabalho a de jogadores de futebol dizendo que quando um centroavante erra, sua falha \u00e9 esquecida, mas que um goleiro nunca \u00e9 perdoado por tomar um gol.<\/p>\n\n\n\n<p>Desde o in\u00edcio do governo, deputados e senadores se queixavam do tratamento dado por Onyx \u00e0s bancadas e aos partidos.<\/p>\n\n\n\n<p>A rela\u00e7\u00e3o entre o Legislativo e o Executivo \u00e9 vista como fr\u00e1gil e, na \u00faltima ter\u00e7a-feira, o Senado imp\u00f4s nova derrota ao Planalto ao derrubar decreto de Bolsonaro que flexibiliza porte e posse de armas. O assunto ainda precisa ser analisado pela C\u00e2mara.<\/p>\n\n\n\n<p>Nesta sexta, Bolsonaro disse ainda que acredita que as coisas agora est\u00e3o adequadas no Planalto. \u201cAqui n\u00e3o tem ministro fraco ou forte, todo mundo tem que jogar junto nesse time\u201d, afirmou.<\/p>\n\n\n\n<p>Al\u00e9m de mudan\u00e7as feitas na Casa Civil e na Secretaria de Governo,&nbsp;Bolsonaro anunciou nesta sexta a ida de Jorge Oliveira Francisco para a Secretaria-Geral no lugar de Floriano Peixoto, que vai presidir os Correios.&nbsp;Segundo ele, n\u00e3o haver\u00e1 mais mudan\u00e7as em sua equipe.<\/p>\n\n\n\n<p><strong>O QUE MUDA COM A MP<\/strong><\/p>\n\n\n\n<p>Reforma agr\u00e1ria e demarca\u00e7\u00e3o de terras ind\u00edgenas<br>Temporariamente sob o guarda-chuva do Minist\u00e9rio da Justi\u00e7a (de Sergio Moro), voltam \u00e0 Agricultura (chefiada por Tereza Cristina). A medida, proposta na reforma administrativa de janeiro, foi derrubada pelo Congresso no fim de maio<\/p>\n\n\n\n<p>Articula\u00e7\u00e3o pol\u00edtica<br>Antes responsabilidade da Casa Civil, sob Onyx Lorenzoni, passa para a Secretaria de Governo. A pasta ser\u00e1 chefiada pelo general Ramos, ap\u00f3s a demiss\u00e3o do general Santos Cruz na quinta (13)<\/p>\n\n\n\n<p>Imprensa nacional e Subchefia de Assuntos Jur\u00eddicos (SAJ)<br>Deixam a Casa Civil e passam para a Secretaria-Geral, sob o general Floriano Peixoto. O SAJ \u00e9 respons\u00e1vel pela an\u00e1lise jur\u00eddica de atos assinados pelo presidente<\/p>\n\n\n\n<p>Programa de Parcerias e Investimentos (PPI)<br>Sai da Secretaria de Governo e vai para a Casa Civil. \u00d3rg\u00e3o \u00e9 respons\u00e1vel por elaborar e acompanhar programas de infraestrutura e privatiza\u00e7\u00f5es.<\/p>\n","protected":false},"excerpt":{"rendered":"<p>Ao anunciar mudan\u00e7as em sua equipe ministerial, o presidente Jair Bolsonaro (PSL) reconheceu que seu governo tinha problemas na articula\u00e7\u00e3o pol\u00edtica. \u201cT\u00ednhamos problema na articula\u00e7\u00e3o&hellip; <\/p>\n","protected":false},"author":1,"featured_media":101466,"comment_status":"closed","ping_status":"closed","sticky":false,"template":"","format":"standard","meta":{"sfsi_plus_gutenberg_text_before_share":"","sfsi_plus_gutenberg_show_text_before_share":"","sfsi_plus_gutenberg_icon_type":"","sfsi_plus_gutenberg_icon_alignemt":"","sfsi_plus_gutenburg_max_per_row":"","footnotes":""},"categories":[11],"tags":[],"class_list":["post-101464","post","type-post","status-publish","format-standard","has-post-thumbnail","hentry","category-politica"],"_links":{"self":[{"href":"https:\/\/www.caririemacao.com\/1\/wp-json\/wp\/v2\/posts\/101464","targetHints":{"allow":["GET"]}}],"collection":[{"href":"https:\/\/www.caririemacao.com\/1\/wp-json\/wp\/v2\/posts"}],"about":[{"href":"https:\/\/www.caririemacao.com\/1\/wp-json\/wp\/v2\/types\/post"}],"author":[{"embeddable":true,"href":"https:\/\/www.caririemacao.com\/1\/wp-json\/wp\/v2\/users\/1"}],"replies":[{"embeddable":true,"href":"https:\/\/www.caririemacao.com\/1\/wp-json\/wp\/v2\/comments?post=101464"}],"version-history":[{"count":1,"href":"https:\/\/www.caririemacao.com\/1\/wp-json\/wp\/v2\/posts\/101464\/revisions"}],"predecessor-version":[{"id":101467,"href":"https:\/\/www.caririemacao.com\/1\/wp-json\/wp\/v2\/posts\/101464\/revisions\/101467"}],"wp:featuredmedia":[{"embeddable":true,"href":"https:\/\/www.caririemacao.com\/1\/wp-json\/wp\/v2\/media\/101466"}],"wp:attachment":[{"href":"https:\/\/www.caririemacao.com\/1\/wp-json\/wp\/v2\/media?parent=101464"}],"wp:term":[{"taxonomy":"category","embeddable":true,"href":"https:\/\/www.caririemacao.com\/1\/wp-json\/wp\/v2\/categories?post=101464"},{"taxonomy":"post_tag","embeddable":true,"href":"https:\/\/www.caririemacao.com\/1\/wp-json\/wp\/v2\/tags?post=101464"}],"curies":[{"name":"wp","href":"https:\/\/api.w.org\/{rel}","templated":true}]}}